{"id":7211,"date":"2014-11-13T00:00:00","date_gmt":"2014-11-12T23:00:00","guid":{"rendered":"https:\/\/www.fbf-bff.be\/spar-retail-continue-sans-relache-son-programme-de-renovations-dextensions-et-douvertures\/"},"modified":"2014-11-13T00:00:00","modified_gmt":"2014-11-12T23:00:00","slug":"spar-retail-continue-sans-relache-son-programme-de-renovations-dextensions-et-douvertures","status":"publish","type":"post","link":"https:\/\/www.fbf-bff.be\/fr\/spar-retail-continue-sans-relache-son-programme-de-renovations-dextensions-et-douvertures\/","title":{"rendered":"Spar Retail continue sans rel\u00e2che son programme de r\u00e9novations, d&#8217;extensions et d&#8217;ouvertures"},"content":{"rendered":"<p><span style=\"font-family: arial;font-size: small;line-height: normal;background-color: transparent\">Spar Retail a termin\u00e9 ce mois d&rsquo;octobre 2014 avec une ouverture, le Spar Bossu le 16 du mois et une extension, celle du Spar Sirault, le 23 octobre, tous deux en province du Hainaut et une r\u00e9ouverture apr\u00e8s remodeling le 30 octobre de l&rsquo;Eurospar de Bolderberg dans le Limbourg.<\/span><br><\/p><p style=\"font-family: arial;font-size: small;line-height: normal;margin-bottom: 0px;padding: 0px;background: transparent\"><span style=\"background-color: transparent\">En novembre, c&rsquo;est au tour du Spar\u00a0<\/span><span style=\"background-color: transparent\">Moerbeke (Moerbekeplein 17A) en Flandre-Orientale qui r\u00e9ouvrira ses portes le 12, suivi le 19\u00a0<\/span><span style=\"background-color: transparent\">par l&rsquo;Eurospar de Weseplaar (Dijkstraat 42) en Brabant Flamand\u00a0<\/span><span style=\"background-color: transparent\">qui aura subit une extension et le 27 avec la r\u00e9ouverture du Spar Okee Waregem (Holstraat 78) en Flandre Occidentale.<\/span><br><\/p><div><span style=\"background-color: transparent\"><br><\/span><\/div>","protected":false},"excerpt":{"rendered":"<p>Spar Retail a termin\u00e9 ce mois d&rsquo;octobre 2014 avec une ouverture, le Spar Bossu le 16 du mois et une extension, celle du Spar Sirault, le 23 octobre, tous deux en province du Hainaut et une r\u00e9ouverture apr\u00e8s remodeling le 30 octobre de l&rsquo;Eurospar de Bolderberg dans le Limbourg.En novembre, &#8230;<\/p>\n","protected":false},"author":1,"featured_media":0,"comment_status":"closed","ping_status":"open","sticky":false,"template":"","format":"standard","meta":{"ngg_post_thumbnail":0,"footnotes":""},"categories":[41],"tags":[],"acf":[],"yoast_head":"<!-- This site is optimized with the Yoast SEO plugin v23.5 - https:\/\/yoast.com\/wordpress\/plugins\/seo\/ -->\n<title>Spar Retail continue sans rel\u00e2che son programme de r\u00e9novations, d&#8217;extensions et d&#8217;ouvertures - F\u00e9d\u00e9ration Belge de la Franchise<\/title>\n<meta name=\"robots\" content=\"index, follow, max-snippet:-1, max-image-preview:large, max-video-preview:-1\" \/>\n<link rel=\"canonical\" href=\"https:\/\/www.fbf-bff.be\/fr\/spar-retail-continue-sans-relache-son-programme-de-renovations-dextensions-et-douvertures\/\" \/>\n<meta property=\"og:locale\" content=\"fr_FR\" \/>\n<meta property=\"og:type\" content=\"article\" \/>\n<meta property=\"og:title\" content=\"Spar Retail continue sans rel\u00e2che son programme de r\u00e9novations, d&#8217;extensions et d&#8217;ouvertures - F\u00e9d\u00e9ration Belge de la Franchise\" \/>\n<meta property=\"og:description\" content=\"Spar Retail a termin\u00e9 ce mois d&rsquo;octobre 2014 avec une ouverture, le Spar Bossu le 16 du mois et une extension, celle du Spar Sirault, le 23 octobre, tous deux en province du Hainaut et une r\u00e9ouverture apr\u00e8s remodeling le 30 octobre de l&rsquo;Eurospar de Bolderberg dans le Limbourg.En novembre, ...\" \/>\n<meta property=\"og:url\" content=\"https:\/\/www.fbf-bff.be\/fr\/spar-retail-continue-sans-relache-son-programme-de-renovations-dextensions-et-douvertures\/\" \/>\n<meta property=\"og:site_name\" content=\"F\u00e9d\u00e9ration Belge de la Franchise\" \/>\n<meta property=\"article:published_time\" content=\"2014-11-12T23:00:00+00:00\" \/>\n<meta property=\"og:image\" content=\"https:\/\/www.fbf-bff.be\/wp-content\/uploads\/2017\/06\/fbf-bff-fb-cover.jpg\" \/>\n\t<meta property=\"og:image:width\" content=\"1200\" \/>\n\t<meta property=\"og:image:height\" content=\"630\" \/>\n\t<meta property=\"og:image:type\" content=\"image\/jpeg\" \/>\n<meta name=\"author\" content=\"fbf_admin\" \/>\n<meta name=\"twitter:card\" content=\"summary_large_image\" \/>\n<meta name=\"twitter:label1\" content=\"\u00c9crit par\" \/>\n\t<meta name=\"twitter:data1\" content=\"fbf_admin\" \/>\n<script type=\"application\/ld+json\" class=\"yoast-schema-graph\">{\"@context\":\"https:\/\/schema.org\",\"@graph\":[{\"@type\":\"WebPage\",\"@id\":\"https:\/\/www.fbf-bff.be\/fr\/spar-retail-continue-sans-relache-son-programme-de-renovations-dextensions-et-douvertures\/\",\"url\":\"https:\/\/www.fbf-bff.be\/fr\/spar-retail-continue-sans-relache-son-programme-de-renovations-dextensions-et-douvertures\/\",\"name\":\"Spar Retail continue sans rel\u00e2che son programme de r\u00e9novations, d&#8217;extensions et d&#8217;ouvertures - F\u00e9d\u00e9ration Belge de la Franchise\",\"isPartOf\":{\"@id\":\"https:\/\/www.fbf-bff.be\/#website\"},\"datePublished\":\"2014-11-12T23:00:00+00:00\",\"dateModified\":\"2014-11-12T23:00:00+00:00\",\"author\":{\"@id\":\"https:\/\/www.fbf-bff.be\/#\/schema\/person\/73a9cbee87288cba2b06e3fc29244fe7\"},\"breadcrumb\":{\"@id\":\"https:\/\/www.fbf-bff.be\/fr\/spar-retail-continue-sans-relache-son-programme-de-renovations-dextensions-et-douvertures\/#breadcrumb\"},\"inLanguage\":\"fr-FR\",\"potentialAction\":[{\"@type\":\"ReadAction\",\"target\":[\"https:\/\/www.fbf-bff.be\/fr\/spar-retail-continue-sans-relache-son-programme-de-renovations-dextensions-et-douvertures\/\"]}]},{\"@type\":\"BreadcrumbList\",\"@id\":\"https:\/\/www.fbf-bff.be\/fr\/spar-retail-continue-sans-relache-son-programme-de-renovations-dextensions-et-douvertures\/#breadcrumb\",\"itemListElement\":[{\"@type\":\"ListItem\",\"position\":1,\"name\":\"Home\",\"item\":\"https:\/\/www.fbf-bff.be\/fr\/\"},{\"@type\":\"ListItem\",\"position\":2,\"name\":\"Spar Retail continue sans rel\u00e2che son programme de r\u00e9novations, d&#8217;extensions et d&#8217;ouvertures\"}]},{\"@type\":\"WebSite\",\"@id\":\"https:\/\/www.fbf-bff.be\/#website\",\"url\":\"https:\/\/www.fbf-bff.be\/\",\"name\":\"F\u00e9d\u00e9ration Belge de la Franchise\",\"description\":\"Pour r\u00e9ussir ensemblee\",\"potentialAction\":[{\"@type\":\"SearchAction\",\"target\":{\"@type\":\"EntryPoint\",\"urlTemplate\":\"https:\/\/www.fbf-bff.be\/?s={search_term_string}\"},\"query-input\":{\"@type\":\"PropertyValueSpecification\",\"valueRequired\":true,\"valueName\":\"search_term_string\"}}],\"inLanguage\":\"fr-FR\"},{\"@type\":\"Person\",\"@id\":\"https:\/\/www.fbf-bff.be\/#\/schema\/person\/73a9cbee87288cba2b06e3fc29244fe7\",\"name\":\"fbf_admin\",\"image\":{\"@type\":\"ImageObject\",\"inLanguage\":\"fr-FR\",\"@id\":\"https:\/\/www.fbf-bff.be\/#\/schema\/person\/image\/\",\"url\":\"https:\/\/secure.gravatar.com\/avatar\/20f6483dbe2a69e0999ddcdd1744b7f7?s=96&d=mm&r=g\",\"contentUrl\":\"https:\/\/secure.gravatar.com\/avatar\/20f6483dbe2a69e0999ddcdd1744b7f7?s=96&d=mm&r=g\",\"caption\":\"fbf_admin\"}}]}<\/script>\n<!-- \/ Yoast SEO plugin. -->","yoast_head_json":{"title":"Spar Retail continue sans rel\u00e2che son programme de r\u00e9novations, d&#8217;extensions et d&#8217;ouvertures - F\u00e9d\u00e9ration Belge de la Franchise","robots":{"index":"index","follow":"follow","max-snippet":"max-snippet:-1","max-image-preview":"max-image-preview:large","max-video-preview":"max-video-preview:-1"},"canonical":"https:\/\/www.fbf-bff.be\/fr\/spar-retail-continue-sans-relache-son-programme-de-renovations-dextensions-et-douvertures\/","og_locale":"fr_FR","og_type":"article","og_title":"Spar Retail continue sans rel\u00e2che son programme de r\u00e9novations, d&#8217;extensions et d&#8217;ouvertures - F\u00e9d\u00e9ration Belge de la Franchise","og_description":"Spar Retail a termin\u00e9 ce mois d&rsquo;octobre 2014 avec une ouverture, le Spar Bossu le 16 du mois et une extension, celle du Spar Sirault, le 23 octobre, tous deux en province du Hainaut et une r\u00e9ouverture apr\u00e8s remodeling le 30 octobre de l&rsquo;Eurospar de Bolderberg dans le Limbourg.En novembre, ...","og_url":"https:\/\/www.fbf-bff.be\/fr\/spar-retail-continue-sans-relache-son-programme-de-renovations-dextensions-et-douvertures\/","og_site_name":"F\u00e9d\u00e9ration Belge de la Franchise","article_published_time":"2014-11-12T23:00:00+00:00","og_image":[{"width":1200,"height":630,"url":"https:\/\/www.fbf-bff.be\/wp-content\/uploads\/2017\/06\/fbf-bff-fb-cover.jpg","type":"image\/jpeg"}],"author":"fbf_admin","twitter_card":"summary_large_image","twitter_misc":{"\u00c9crit par":"fbf_admin"},"schema":{"@context":"https:\/\/schema.org","@graph":[{"@type":"WebPage","@id":"https:\/\/www.fbf-bff.be\/fr\/spar-retail-continue-sans-relache-son-programme-de-renovations-dextensions-et-douvertures\/","url":"https:\/\/www.fbf-bff.be\/fr\/spar-retail-continue-sans-relache-son-programme-de-renovations-dextensions-et-douvertures\/","name":"Spar Retail continue sans rel\u00e2che son programme de r\u00e9novations, d&#8217;extensions et d&#8217;ouvertures - F\u00e9d\u00e9ration Belge de la Franchise","isPartOf":{"@id":"https:\/\/www.fbf-bff.be\/#website"},"datePublished":"2014-11-12T23:00:00+00:00","dateModified":"2014-11-12T23:00:00+00:00","author":{"@id":"https:\/\/www.fbf-bff.be\/#\/schema\/person\/73a9cbee87288cba2b06e3fc29244fe7"},"breadcrumb":{"@id":"https:\/\/www.fbf-bff.be\/fr\/spar-retail-continue-sans-relache-son-programme-de-renovations-dextensions-et-douvertures\/#breadcrumb"},"inLanguage":"fr-FR","potentialAction":[{"@type":"ReadAction","target":["https:\/\/www.fbf-bff.be\/fr\/spar-retail-continue-sans-relache-son-programme-de-renovations-dextensions-et-douvertures\/"]}]},{"@type":"BreadcrumbList","@id":"https:\/\/www.fbf-bff.be\/fr\/spar-retail-continue-sans-relache-son-programme-de-renovations-dextensions-et-douvertures\/#breadcrumb","itemListElement":[{"@type":"ListItem","position":1,"name":"Home","item":"https:\/\/www.fbf-bff.be\/fr\/"},{"@type":"ListItem","position":2,"name":"Spar Retail continue sans rel\u00e2che son programme de r\u00e9novations, d&#8217;extensions et d&#8217;ouvertures"}]},{"@type":"WebSite","@id":"https:\/\/www.fbf-bff.be\/#website","url":"https:\/\/www.fbf-bff.be\/","name":"F\u00e9d\u00e9ration Belge de la Franchise","description":"Pour r\u00e9ussir ensemblee","potentialAction":[{"@type":"SearchAction","target":{"@type":"EntryPoint","urlTemplate":"https:\/\/www.fbf-bff.be\/?s={search_term_string}"},"query-input":{"@type":"PropertyValueSpecification","valueRequired":true,"valueName":"search_term_string"}}],"inLanguage":"fr-FR"},{"@type":"Person","@id":"https:\/\/www.fbf-bff.be\/#\/schema\/person\/73a9cbee87288cba2b06e3fc29244fe7","name":"fbf_admin","image":{"@type":"ImageObject","inLanguage":"fr-FR","@id":"https:\/\/www.fbf-bff.be\/#\/schema\/person\/image\/","url":"https:\/\/secure.gravatar.com\/avatar\/20f6483dbe2a69e0999ddcdd1744b7f7?s=96&d=mm&r=g","contentUrl":"https:\/\/secure.gravatar.com\/avatar\/20f6483dbe2a69e0999ddcdd1744b7f7?s=96&d=mm&r=g","caption":"fbf_admin"}}]}},"_links":{"self":[{"href":"https:\/\/www.fbf-bff.be\/fr\/wp-json\/wp\/v2\/posts\/7211"}],"collection":[{"href":"https:\/\/www.fbf-bff.be\/fr\/wp-json\/wp\/v2\/posts"}],"about":[{"href":"https:\/\/www.fbf-bff.be\/fr\/wp-json\/wp\/v2\/types\/post"}],"author":[{"embeddable":true,"href":"https:\/\/www.fbf-bff.be\/fr\/wp-json\/wp\/v2\/users\/1"}],"replies":[{"embeddable":true,"href":"https:\/\/www.fbf-bff.be\/fr\/wp-json\/wp\/v2\/comments?post=7211"}],"version-history":[{"count":0,"href":"https:\/\/www.fbf-bff.be\/fr\/wp-json\/wp\/v2\/posts\/7211\/revisions"}],"wp:attachment":[{"href":"https:\/\/www.fbf-bff.be\/fr\/wp-json\/wp\/v2\/media?parent=7211"}],"wp:term":[{"taxonomy":"category","embeddable":true,"href":"https:\/\/www.fbf-bff.be\/fr\/wp-json\/wp\/v2\/categories?post=7211"},{"taxonomy":"post_tag","embeddable":true,"href":"https:\/\/www.fbf-bff.be\/fr\/wp-json\/wp\/v2\/tags?post=7211"}],"curies":[{"name":"wp","href":"https:\/\/api.w.org\/{rel}","templated":true}]}}