{"id":7208,"date":"2014-11-12T00:00:00","date_gmt":"2014-11-11T23:00:00","guid":{"rendered":"https:\/\/www.fbf-bff.be\/un-nouveau-delitraiteur-ouvre-ses-portes-a-corbais\/"},"modified":"2014-11-12T00:00:00","modified_gmt":"2014-11-11T23:00:00","slug":"un-nouveau-delitraiteur-ouvre-ses-portes-a-corbais","status":"publish","type":"post","link":"https:\/\/www.fbf-bff.be\/fr\/un-nouveau-delitraiteur-ouvre-ses-portes-a-corbais\/","title":{"rendered":"Un nouveau Delitraiteur ouvre ses portes \u00e0 Corbais"},"content":{"rendered":"<p class=\"MsoNormal\" style=\"margin: 0cm 0cm 0pt;line-height: normal;font-family: Calibri, sans-serif;font-size: 11pt\"><span style='font-family: \"Arboria Book\";font-size: 11pt'>Ce vendredi 7 novembre \u00a02014, le nouveau magasin de Delitraiteur de Corbais (Grand&rsquo;Route 55 sur la N4) dans le Brabant wallon, \u00a0ouvrait ses portes.<\/span><\/p><p class=\"MsoNormal\" style=\"margin: 0cm 0cm 0pt;line-height: normal;font-family: Calibri, sans-serif;font-size: 11pt\"><span lang=\"FR\" style='font-family: \"Arboria Book\";font-size: 11pt'><br><\/span><\/p><p class=\"MsoNormal\" style=\"margin: 0cm 0cm 0pt;line-height: normal;font-family: Calibri, sans-serif;font-size: 11pt\"><span lang=\"FR\" style='font-family: \"Arboria Book\";font-size: 11pt'>La franchis\u00e9e V\u00e9ronique Dehard (44) qui vient du monde de la comptabilit\u00e9 et de la fiscalit\u00e9, g\u00e8re avec une \u00e9quipe de deux personnes \u00e0 plein temps, trois \u00e0 temps partiels et trois \u00e9tudiants, ce nouveau point de vente de 250 m\u00b2,\u00a0<\/span><span style='font-family: \"Arboria Book\";font-size: 14.39px'>dans un ancien magasin de cuisines<\/span><span style='font-family: \"Arboria Book\";font-size: 14.39px'>\u00a0<\/span><span style='font-family: \"Arboria Book\";font-size: 11pt'>totalement r\u00e9nov\u00e9. \u00a0Le magasin sera ouvert tous les jours de la semaine de 7h \u00e0 22h.<\/span><\/p><p class=\"MsoNormal\" style=\"margin: 0cm 0cm 0pt;line-height: normal;font-family: Calibri, sans-serif;font-size: 11pt\"><span style='font-family: \"Arboria Book\";font-size: 11pt'><br><\/span><span style='font-family: \"Arboria Book\";font-size: 11pt'><br><\/span><\/p><p class=\"MsoNormal\" style=\"margin: 0cm 0cm 12pt;line-height: normal;font-family: Calibri, sans-serif;font-size: 11pt\"><span style='font-family: \"Arboria Book\";font-size: 11pt'>Le r\u00e9seau de l&rsquo;enseigne comprend aujourd&rsquo;hui un magasin au Grand-Duch\u00e9 de Luxembourg et 35 en Belgique dont 28 franchis\u00e9s, essentiellement\u00a0<\/span><span style='font-family: \"Arboria Book\";font-size: 14.39px'>dans la R\u00e9gion bruxelloise, les Brabants flamand et wallon.\u00a0<\/span><\/p><p class=\"MsoNormal\" style=\"margin: 0cm 0cm 12pt;line-height: normal;font-family: Calibri, sans-serif;font-size: 11pt\"><span style='font-family: \"Arboria Book\";font-size: 14.39px'>L&rsquo;enseigne pr\u00e9voit d\u00e9j\u00e0 pour l&rsquo;ann\u00e9e prochaine l&rsquo;ouverture de deux nouveaux magasins en r\u00e9gion bruxelloise et un autre en Brabant wallon \u00e0 Perwez.<\/span><\/p>","protected":false},"excerpt":{"rendered":"<p>\u00a0<\/p>\n","protected":false},"author":1,"featured_media":0,"comment_status":"closed","ping_status":"open","sticky":false,"template":"","format":"standard","meta":{"ngg_post_thumbnail":0,"footnotes":""},"categories":[41],"tags":[],"acf":[],"yoast_head":"<!-- This site is optimized with the Yoast SEO plugin v23.5 - https:\/\/yoast.com\/wordpress\/plugins\/seo\/ -->\n<title>Un nouveau Delitraiteur ouvre ses portes \u00e0 Corbais - F\u00e9d\u00e9ration Belge de la Franchise<\/title>\n<meta name=\"robots\" content=\"index, follow, max-snippet:-1, max-image-preview:large, max-video-preview:-1\" \/>\n<link rel=\"canonical\" href=\"https:\/\/www.fbf-bff.be\/fr\/un-nouveau-delitraiteur-ouvre-ses-portes-a-corbais\/\" \/>\n<meta property=\"og:locale\" content=\"fr_FR\" \/>\n<meta property=\"og:type\" content=\"article\" \/>\n<meta property=\"og:title\" content=\"Un nouveau Delitraiteur ouvre ses portes \u00e0 Corbais - F\u00e9d\u00e9ration Belge de la Franchise\" \/>\n<meta property=\"og:description\" content=\"\u00a0\" \/>\n<meta property=\"og:url\" content=\"https:\/\/www.fbf-bff.be\/fr\/un-nouveau-delitraiteur-ouvre-ses-portes-a-corbais\/\" \/>\n<meta property=\"og:site_name\" content=\"F\u00e9d\u00e9ration Belge de la Franchise\" \/>\n<meta property=\"article:published_time\" content=\"2014-11-11T23:00:00+00:00\" \/>\n<meta property=\"og:image\" content=\"https:\/\/www.fbf-bff.be\/wp-content\/uploads\/2017\/06\/fbf-bff-fb-cover.jpg\" \/>\n\t<meta property=\"og:image:width\" content=\"1200\" \/>\n\t<meta property=\"og:image:height\" content=\"630\" \/>\n\t<meta property=\"og:image:type\" content=\"image\/jpeg\" \/>\n<meta name=\"author\" content=\"fbf_admin\" \/>\n<meta name=\"twitter:card\" content=\"summary_large_image\" \/>\n<meta name=\"twitter:label1\" content=\"\u00c9crit par\" \/>\n\t<meta name=\"twitter:data1\" content=\"fbf_admin\" \/>\n\t<meta name=\"twitter:label2\" content=\"Dur\u00e9e de lecture estim\u00e9e\" \/>\n\t<meta name=\"twitter:data2\" content=\"1 minute\" \/>\n<script type=\"application\/ld+json\" class=\"yoast-schema-graph\">{\"@context\":\"https:\/\/schema.org\",\"@graph\":[{\"@type\":\"WebPage\",\"@id\":\"https:\/\/www.fbf-bff.be\/fr\/un-nouveau-delitraiteur-ouvre-ses-portes-a-corbais\/\",\"url\":\"https:\/\/www.fbf-bff.be\/fr\/un-nouveau-delitraiteur-ouvre-ses-portes-a-corbais\/\",\"name\":\"Un nouveau Delitraiteur ouvre ses portes \u00e0 Corbais - F\u00e9d\u00e9ration Belge de la Franchise\",\"isPartOf\":{\"@id\":\"https:\/\/www.fbf-bff.be\/#website\"},\"datePublished\":\"2014-11-11T23:00:00+00:00\",\"dateModified\":\"2014-11-11T23:00:00+00:00\",\"author\":{\"@id\":\"https:\/\/www.fbf-bff.be\/#\/schema\/person\/73a9cbee87288cba2b06e3fc29244fe7\"},\"breadcrumb\":{\"@id\":\"https:\/\/www.fbf-bff.be\/fr\/un-nouveau-delitraiteur-ouvre-ses-portes-a-corbais\/#breadcrumb\"},\"inLanguage\":\"fr-FR\",\"potentialAction\":[{\"@type\":\"ReadAction\",\"target\":[\"https:\/\/www.fbf-bff.be\/fr\/un-nouveau-delitraiteur-ouvre-ses-portes-a-corbais\/\"]}]},{\"@type\":\"BreadcrumbList\",\"@id\":\"https:\/\/www.fbf-bff.be\/fr\/un-nouveau-delitraiteur-ouvre-ses-portes-a-corbais\/#breadcrumb\",\"itemListElement\":[{\"@type\":\"ListItem\",\"position\":1,\"name\":\"Home\",\"item\":\"https:\/\/www.fbf-bff.be\/fr\/\"},{\"@type\":\"ListItem\",\"position\":2,\"name\":\"Un nouveau Delitraiteur ouvre ses portes \u00e0 Corbais\"}]},{\"@type\":\"WebSite\",\"@id\":\"https:\/\/www.fbf-bff.be\/#website\",\"url\":\"https:\/\/www.fbf-bff.be\/\",\"name\":\"F\u00e9d\u00e9ration Belge de la Franchise\",\"description\":\"Pour r\u00e9ussir ensemblee\",\"potentialAction\":[{\"@type\":\"SearchAction\",\"target\":{\"@type\":\"EntryPoint\",\"urlTemplate\":\"https:\/\/www.fbf-bff.be\/?s={search_term_string}\"},\"query-input\":{\"@type\":\"PropertyValueSpecification\",\"valueRequired\":true,\"valueName\":\"search_term_string\"}}],\"inLanguage\":\"fr-FR\"},{\"@type\":\"Person\",\"@id\":\"https:\/\/www.fbf-bff.be\/#\/schema\/person\/73a9cbee87288cba2b06e3fc29244fe7\",\"name\":\"fbf_admin\",\"image\":{\"@type\":\"ImageObject\",\"inLanguage\":\"fr-FR\",\"@id\":\"https:\/\/www.fbf-bff.be\/#\/schema\/person\/image\/\",\"url\":\"https:\/\/secure.gravatar.com\/avatar\/20f6483dbe2a69e0999ddcdd1744b7f7?s=96&d=mm&r=g\",\"contentUrl\":\"https:\/\/secure.gravatar.com\/avatar\/20f6483dbe2a69e0999ddcdd1744b7f7?s=96&d=mm&r=g\",\"caption\":\"fbf_admin\"}}]}<\/script>\n<!-- \/ Yoast SEO plugin. -->","yoast_head_json":{"title":"Un nouveau Delitraiteur ouvre ses portes \u00e0 Corbais - F\u00e9d\u00e9ration Belge de la Franchise","robots":{"index":"index","follow":"follow","max-snippet":"max-snippet:-1","max-image-preview":"max-image-preview:large","max-video-preview":"max-video-preview:-1"},"canonical":"https:\/\/www.fbf-bff.be\/fr\/un-nouveau-delitraiteur-ouvre-ses-portes-a-corbais\/","og_locale":"fr_FR","og_type":"article","og_title":"Un nouveau Delitraiteur ouvre ses portes \u00e0 Corbais - F\u00e9d\u00e9ration Belge de la Franchise","og_description":"\u00a0","og_url":"https:\/\/www.fbf-bff.be\/fr\/un-nouveau-delitraiteur-ouvre-ses-portes-a-corbais\/","og_site_name":"F\u00e9d\u00e9ration Belge de la Franchise","article_published_time":"2014-11-11T23:00:00+00:00","og_image":[{"width":1200,"height":630,"url":"https:\/\/www.fbf-bff.be\/wp-content\/uploads\/2017\/06\/fbf-bff-fb-cover.jpg","type":"image\/jpeg"}],"author":"fbf_admin","twitter_card":"summary_large_image","twitter_misc":{"\u00c9crit par":"fbf_admin","Dur\u00e9e de lecture estim\u00e9e":"1 minute"},"schema":{"@context":"https:\/\/schema.org","@graph":[{"@type":"WebPage","@id":"https:\/\/www.fbf-bff.be\/fr\/un-nouveau-delitraiteur-ouvre-ses-portes-a-corbais\/","url":"https:\/\/www.fbf-bff.be\/fr\/un-nouveau-delitraiteur-ouvre-ses-portes-a-corbais\/","name":"Un nouveau Delitraiteur ouvre ses portes \u00e0 Corbais - F\u00e9d\u00e9ration Belge de la Franchise","isPartOf":{"@id":"https:\/\/www.fbf-bff.be\/#website"},"datePublished":"2014-11-11T23:00:00+00:00","dateModified":"2014-11-11T23:00:00+00:00","author":{"@id":"https:\/\/www.fbf-bff.be\/#\/schema\/person\/73a9cbee87288cba2b06e3fc29244fe7"},"breadcrumb":{"@id":"https:\/\/www.fbf-bff.be\/fr\/un-nouveau-delitraiteur-ouvre-ses-portes-a-corbais\/#breadcrumb"},"inLanguage":"fr-FR","potentialAction":[{"@type":"ReadAction","target":["https:\/\/www.fbf-bff.be\/fr\/un-nouveau-delitraiteur-ouvre-ses-portes-a-corbais\/"]}]},{"@type":"BreadcrumbList","@id":"https:\/\/www.fbf-bff.be\/fr\/un-nouveau-delitraiteur-ouvre-ses-portes-a-corbais\/#breadcrumb","itemListElement":[{"@type":"ListItem","position":1,"name":"Home","item":"https:\/\/www.fbf-bff.be\/fr\/"},{"@type":"ListItem","position":2,"name":"Un nouveau Delitraiteur ouvre ses portes \u00e0 Corbais"}]},{"@type":"WebSite","@id":"https:\/\/www.fbf-bff.be\/#website","url":"https:\/\/www.fbf-bff.be\/","name":"F\u00e9d\u00e9ration Belge de la Franchise","description":"Pour r\u00e9ussir ensemblee","potentialAction":[{"@type":"SearchAction","target":{"@type":"EntryPoint","urlTemplate":"https:\/\/www.fbf-bff.be\/?s={search_term_string}"},"query-input":{"@type":"PropertyValueSpecification","valueRequired":true,"valueName":"search_term_string"}}],"inLanguage":"fr-FR"},{"@type":"Person","@id":"https:\/\/www.fbf-bff.be\/#\/schema\/person\/73a9cbee87288cba2b06e3fc29244fe7","name":"fbf_admin","image":{"@type":"ImageObject","inLanguage":"fr-FR","@id":"https:\/\/www.fbf-bff.be\/#\/schema\/person\/image\/","url":"https:\/\/secure.gravatar.com\/avatar\/20f6483dbe2a69e0999ddcdd1744b7f7?s=96&d=mm&r=g","contentUrl":"https:\/\/secure.gravatar.com\/avatar\/20f6483dbe2a69e0999ddcdd1744b7f7?s=96&d=mm&r=g","caption":"fbf_admin"}}]}},"_links":{"self":[{"href":"https:\/\/www.fbf-bff.be\/fr\/wp-json\/wp\/v2\/posts\/7208"}],"collection":[{"href":"https:\/\/www.fbf-bff.be\/fr\/wp-json\/wp\/v2\/posts"}],"about":[{"href":"https:\/\/www.fbf-bff.be\/fr\/wp-json\/wp\/v2\/types\/post"}],"author":[{"embeddable":true,"href":"https:\/\/www.fbf-bff.be\/fr\/wp-json\/wp\/v2\/users\/1"}],"replies":[{"embeddable":true,"href":"https:\/\/www.fbf-bff.be\/fr\/wp-json\/wp\/v2\/comments?post=7208"}],"version-history":[{"count":0,"href":"https:\/\/www.fbf-bff.be\/fr\/wp-json\/wp\/v2\/posts\/7208\/revisions"}],"wp:attachment":[{"href":"https:\/\/www.fbf-bff.be\/fr\/wp-json\/wp\/v2\/media?parent=7208"}],"wp:term":[{"taxonomy":"category","embeddable":true,"href":"https:\/\/www.fbf-bff.be\/fr\/wp-json\/wp\/v2\/categories?post=7208"},{"taxonomy":"post_tag","embeddable":true,"href":"https:\/\/www.fbf-bff.be\/fr\/wp-json\/wp\/v2\/tags?post=7208"}],"curies":[{"name":"wp","href":"https:\/\/api.w.org\/{rel}","templated":true}]}}