{"id":7168,"date":"2009-11-30T10:25:36","date_gmt":"2009-11-30T09:25:36","guid":{"rendered":"https:\/\/www.fbf-bff.be\/insuffisance-dun-accuse-de-reception\/"},"modified":"2009-11-30T10:25:36","modified_gmt":"2009-11-30T09:25:36","slug":"insuffisance-dun-accuse-de-reception","status":"publish","type":"post","link":"https:\/\/www.fbf-bff.be\/fr\/insuffisance-dun-accuse-de-reception\/","title":{"rendered":"Insuffisance d\u2019un accus\u00e9 de r\u00e9ception"},"content":{"rendered":"[vc_row][vc_column][vc_column_text]<h3><span style=\"color: #ff0000\"><b>Les faits<\/b><\/span><\/h3>\r\nDans le cadre d\u2019une franchise de salons de coiffure, franchiseur et fran- chis\u00e9 s\u2019adressaient des reproches mutuels \u00e0 l\u2019occasion de l\u2019ex\u00e9cution de leur contrat. Ils avaient fait acter en cours de proc\u00e9dure leur accord de consid\u00e9rer le contrat de franchise r\u00e9sili\u00e9, sous r\u00e9serve de leurs droits quant \u00e0 l\u2019imputabilit\u00e9 de la fin du contrat.\r\n\r\nLe franchis\u00e9 avait, peu apr\u00e8s, repris l\u2019exploitation de salons de coiffure, dans des circonstances que le franchiseur jugeait contraires \u00e0 la clause de non-concurrence post-contractuelle contenue dans le contrat ainsi r\u00e9sili\u00e9. Le franchiseur avait d\u00e8s lors assign\u00e9 le franchis\u00e9 en r\u00e9f\u00e9r\u00e9 afin d\u2019entendre interdire l\u2019exploitation de ces salons, sous astreinte.\r\n\r\nParmi les moyens de d\u00e9fense soulev\u00e9s par le franchis\u00e9, celui-ci faisait valoir qu\u2019il n\u2019avait pas re\u00e7u de DIP pr\u00e9alablement \u00e0 la conclusion du contrat de franchise.\r\n<h3><span style=\"color: #ff0000\"><b><b>La d\u00e9cision du pr\u00e9sident si\u00e9geant en r\u00e9f\u00e9r\u00e9<\/b><\/b><\/span><\/h3>\r\nDans le cadre de l\u2019appr\u00e9ciation \u00ab prima facie \u00bb \u00e0 laquelle doit se livrer le juge des r\u00e9f\u00e9r\u00e9s, le Pr\u00e9sident consid\u00e8re que la production d\u2019un accus\u00e9 de r\u00e9ception par le franchiseur ne suffit pas \u00e0 \u00e9tablir avec certitude le con- tenu de l\u2019information pr\u00e9contractuelle auquel ce document fait r\u00e9f\u00e9- rence. L\u2019incertitude est confirm\u00e9e en l\u2019esp\u00e8ce par le fait que le franchi- seur reconnaissait avoir omis de mettre \u00e0 jour certains postes de son DIP entre les diff\u00e9rentes versions de celui-ci.\r\n\r\nCe motif, combin\u00e9 \u00e0 d\u2019autres tenant \u00e0 la port\u00e9e m\u00eame de la clause de non concurrence, a amen\u00e9 le Pr\u00e9sident \u00e0 consid\u00e9rer que le franchiseur n\u2019\u00e9tablissait pas une apparence de droit manifeste quant \u00e0 la mise en \u0153uvre de la clause de non-concurrence. La franchiseur fut d\u00e8s lors d\u00e9- bout\u00e9 de sa demande.\r\n<h3><span style=\"color: #ff0000\"><b><b>La charge de la preuve de communication du DIP et le contenu de cette preuve<\/b><\/b><\/span><\/h3>\r\nCette ordonnance met en lumi\u00e8re les exigences de preuve de la communication du DIP et du contenu de celui-ci, certes dans le cadre de l&rsquo;appr\u00e9ciation de l&rsquo;apparence propre au r\u00e9f\u00e9r\u00e9. Le pr\u00e9sident consid\u00e8re que c&rsquo;est au franchiseur qu&rsquo;incombe la charge de cette preuve et que la production d&rsquo;un accus\u00e9 de r\u00e9ception en suffit pas \u00e0 prouver le contenu de ce qui a \u00e9t\u00e9 comuniqu\u00e9.\r\n\r\nC&rsquo;est la partie qui all\u00e8gue un fait qui est tenue de le prouver. Sur cette base, on consid\u00e8re g\u00e9n\u00e9ralement que c&rsquo;est d\u00e8s lors le franchis\u00e9, qui invoque une cause de nullit\u00e9, qui doit prouver l&rsquo;absence\u00a0\u00bb de remise du DIP (ou la remise d&rsquo;un DIP incomplet) (B.Ponet, \u00ab\u00a0De wet betreffende de precontractuele informatie bij commerci\u00eble samenwerkingsovereenkomsten : zes jaar toepassing in de praktijk \u00ab\u00a0, R.W. 2012 &#8211; 2013, p.168)\r\n\r\nCependant, s&rsquo;agissant d&rsquo;une preuve n\u00e9gative (la non communication du DIP ou d&rsquo;un DIP complet ), les tribunaux seront enclins \u00e0 consid\u00e9rer que cette preuve est rapport\u00e9e d\u00e8s que le franchis\u00e9 \u00e9tablit une vraisemblance de non communication ou de communication incompl\u00e8te. C&rsquo;est alors au franchiseur qu&rsquo;il incombera de rapporter des \u00e9l\u00e9ments \u00e9tablissant la communication ou la communication compl\u00e8te.\r\n\r\nPar ailleurs, les parties ont l&rsquo;obligation de collaborer \u00e0 la charge de la preuve. D\u00e8s lors, si le franchiseur produit un accus\u00e9 de r\u00e9ception sign\u00e9 par le franchis\u00e9, celui-ci pourra selon les circonstances \u00eatre amen\u00e9 \u00e0 son tour \u00e0 expliquer, voir \u00e0 produire, ce qu&rsquo;il a ainsi re\u00e7u.\r\n<h3><span style=\"color: #ff0000\"><b><b>Le d\u00e9lai pour invoquer la nullit\u00e9<\/b><\/b><\/span><\/h3>\r\nPar ailleurs, on rappellera que la question de la communication du DIP n&rsquo;a d&rsquo;incidence quant \u00e0 la validit\u00e9 m\u00eame du contrat de franchise que si la nullit\u00e9 est invoqu\u00e9e dans les deux ans de la conclusion du contrat. Par contre, \u00e0 d\u00e9faut de disposition sp\u00e9cifique \u00e0 cet \u00e9gard, certains consid\u00e8rent que la nullit\u00e9 de la clause qui ne figurait pas dans le DIP peut \u00eatre demand\u00e9e dans les 10ans (P. Kileste et N. Godin, \u00ab\u00a0La sanction du d\u00e9faut d&rsquo;information pr\u00e9contractuelle dans les contrats de partenariat commercial\u00a0\u00bb, J.T.2013, p.823).\r\n<h3><span style=\"color: #ff0000\"><b><b>Enseignements pratiques<\/b><\/b><\/span><\/h3>\r\nL&rsquo;ordonnance du 2 janvier 2014 comporte en tous cas comme enseignement pratique \u00e0 destination des franchiseurs qu&rsquo;il est pr\u00e9f\u00e9rable, pour \u00e9viter tout risque de discussion, de ne pas se limiter \u00e0 faire signer par le candidat franchis\u00e9 un accus\u00e9 de r\u00e9ception du DIP, mais bien \u00e0 faire \u00e9tablier le DIP en double exemplaire et le faire signer ou para[\/vc_column_text][\/vc_column][\/vc_row]","protected":false},"excerpt":{"rendered":"<p>[vc_row][vc_column][vc_column_text]Les faits<br \/>\nDans le cadre d\u2019une franchise de salons de coiffure, franchiseur et fran- chis\u00e9 s\u2019adressaient des reproches mutuels \u00e0 l\u2019occasion de l\u2019ex\u00e9cution de leur contrat. Ils avaient fait acter en cours de proc\u00e9dure leur accord de consid\u00e9rer le contrat de franchise r\u00e9sili\u00e9, sous r\u00e9serve de leurs droits quant \u00e0 &#8230;<\/p>\n","protected":false},"author":1,"featured_media":2942,"comment_status":"closed","ping_status":"open","sticky":false,"template":"","format":"standard","meta":{"ngg_post_thumbnail":0,"footnotes":""},"categories":[38],"tags":[],"acf":[],"yoast_head":"<!-- This site is optimized with the Yoast SEO plugin v23.5 - https:\/\/yoast.com\/wordpress\/plugins\/seo\/ -->\n<title>Insuffisance d\u2019un accus\u00e9 de r\u00e9ception - F\u00e9d\u00e9ration Belge de la Franchise<\/title>\n<meta name=\"robots\" content=\"index, follow, max-snippet:-1, max-image-preview:large, max-video-preview:-1\" \/>\n<link rel=\"canonical\" href=\"https:\/\/www.fbf-bff.be\/fr\/insuffisance-dun-accuse-de-reception\/\" \/>\n<meta property=\"og:locale\" content=\"fr_FR\" \/>\n<meta property=\"og:type\" content=\"article\" \/>\n<meta property=\"og:title\" content=\"Insuffisance d\u2019un accus\u00e9 de r\u00e9ception - F\u00e9d\u00e9ration Belge de la Franchise\" \/>\n<meta property=\"og:description\" content=\"[vc_row][vc_column][vc_column_text]Les faits Dans le cadre d\u2019une franchise de salons de coiffure, franchiseur et fran- chis\u00e9 s\u2019adressaient des reproches mutuels \u00e0 l\u2019occasion de l\u2019ex\u00e9cution de leur contrat. Ils avaient fait acter en cours de proc\u00e9dure leur accord de consid\u00e9rer le contrat de franchise r\u00e9sili\u00e9, sous r\u00e9serve de leurs droits quant \u00e0 ...\" \/>\n<meta property=\"og:url\" content=\"https:\/\/www.fbf-bff.be\/fr\/insuffisance-dun-accuse-de-reception\/\" \/>\n<meta property=\"og:site_name\" content=\"F\u00e9d\u00e9ration Belge de la Franchise\" \/>\n<meta property=\"article:published_time\" content=\"2009-11-30T09:25:36+00:00\" \/>\n<meta property=\"og:image\" content=\"https:\/\/www.fbf-bff.be\/wp-content\/uploads\/2021\/10\/Pic_Court.jpg\" \/>\n\t<meta property=\"og:image:width\" content=\"272\" \/>\n\t<meta property=\"og:image:height\" content=\"266\" \/>\n\t<meta property=\"og:image:type\" content=\"image\/jpeg\" \/>\n<meta name=\"author\" content=\"fbf_admin\" \/>\n<meta name=\"twitter:card\" content=\"summary_large_image\" \/>\n<meta name=\"twitter:label1\" content=\"\u00c9crit par\" \/>\n\t<meta name=\"twitter:data1\" content=\"fbf_admin\" \/>\n\t<meta name=\"twitter:label2\" content=\"Dur\u00e9e de lecture estim\u00e9e\" \/>\n\t<meta name=\"twitter:data2\" content=\"4 minutes\" \/>\n<script type=\"application\/ld+json\" class=\"yoast-schema-graph\">{\"@context\":\"https:\/\/schema.org\",\"@graph\":[{\"@type\":\"WebPage\",\"@id\":\"https:\/\/www.fbf-bff.be\/fr\/insuffisance-dun-accuse-de-reception\/\",\"url\":\"https:\/\/www.fbf-bff.be\/fr\/insuffisance-dun-accuse-de-reception\/\",\"name\":\"Insuffisance d\u2019un accus\u00e9 de r\u00e9ception - F\u00e9d\u00e9ration Belge de la Franchise\",\"isPartOf\":{\"@id\":\"https:\/\/www.fbf-bff.be\/#website\"},\"primaryImageOfPage\":{\"@id\":\"https:\/\/www.fbf-bff.be\/fr\/insuffisance-dun-accuse-de-reception\/#primaryimage\"},\"image\":{\"@id\":\"https:\/\/www.fbf-bff.be\/fr\/insuffisance-dun-accuse-de-reception\/#primaryimage\"},\"thumbnailUrl\":\"https:\/\/www.fbf-bff.be\/wp-content\/uploads\/2021\/10\/Pic_Court.jpg\",\"datePublished\":\"2009-11-30T09:25:36+00:00\",\"dateModified\":\"2009-11-30T09:25:36+00:00\",\"author\":{\"@id\":\"https:\/\/www.fbf-bff.be\/#\/schema\/person\/73a9cbee87288cba2b06e3fc29244fe7\"},\"breadcrumb\":{\"@id\":\"https:\/\/www.fbf-bff.be\/fr\/insuffisance-dun-accuse-de-reception\/#breadcrumb\"},\"inLanguage\":\"fr-FR\",\"potentialAction\":[{\"@type\":\"ReadAction\",\"target\":[\"https:\/\/www.fbf-bff.be\/fr\/insuffisance-dun-accuse-de-reception\/\"]}]},{\"@type\":\"ImageObject\",\"inLanguage\":\"fr-FR\",\"@id\":\"https:\/\/www.fbf-bff.be\/fr\/insuffisance-dun-accuse-de-reception\/#primaryimage\",\"url\":\"https:\/\/www.fbf-bff.be\/wp-content\/uploads\/2021\/10\/Pic_Court.jpg\",\"contentUrl\":\"https:\/\/www.fbf-bff.be\/wp-content\/uploads\/2021\/10\/Pic_Court.jpg\",\"width\":272,\"height\":266},{\"@type\":\"BreadcrumbList\",\"@id\":\"https:\/\/www.fbf-bff.be\/fr\/insuffisance-dun-accuse-de-reception\/#breadcrumb\",\"itemListElement\":[{\"@type\":\"ListItem\",\"position\":1,\"name\":\"Home\",\"item\":\"https:\/\/www.fbf-bff.be\/fr\/\"},{\"@type\":\"ListItem\",\"position\":2,\"name\":\"Insuffisance d\u2019un accus\u00e9 de r\u00e9ception\"}]},{\"@type\":\"WebSite\",\"@id\":\"https:\/\/www.fbf-bff.be\/#website\",\"url\":\"https:\/\/www.fbf-bff.be\/\",\"name\":\"F\u00e9d\u00e9ration Belge de la Franchise\",\"description\":\"Pour r\u00e9ussir ensemblee\",\"potentialAction\":[{\"@type\":\"SearchAction\",\"target\":{\"@type\":\"EntryPoint\",\"urlTemplate\":\"https:\/\/www.fbf-bff.be\/?s={search_term_string}\"},\"query-input\":{\"@type\":\"PropertyValueSpecification\",\"valueRequired\":true,\"valueName\":\"search_term_string\"}}],\"inLanguage\":\"fr-FR\"},{\"@type\":\"Person\",\"@id\":\"https:\/\/www.fbf-bff.be\/#\/schema\/person\/73a9cbee87288cba2b06e3fc29244fe7\",\"name\":\"fbf_admin\",\"image\":{\"@type\":\"ImageObject\",\"inLanguage\":\"fr-FR\",\"@id\":\"https:\/\/www.fbf-bff.be\/#\/schema\/person\/image\/\",\"url\":\"https:\/\/secure.gravatar.com\/avatar\/20f6483dbe2a69e0999ddcdd1744b7f7?s=96&d=mm&r=g\",\"contentUrl\":\"https:\/\/secure.gravatar.com\/avatar\/20f6483dbe2a69e0999ddcdd1744b7f7?s=96&d=mm&r=g\",\"caption\":\"fbf_admin\"}}]}<\/script>\n<!-- \/ Yoast SEO plugin. -->","yoast_head_json":{"title":"Insuffisance d\u2019un accus\u00e9 de r\u00e9ception - F\u00e9d\u00e9ration Belge de la Franchise","robots":{"index":"index","follow":"follow","max-snippet":"max-snippet:-1","max-image-preview":"max-image-preview:large","max-video-preview":"max-video-preview:-1"},"canonical":"https:\/\/www.fbf-bff.be\/fr\/insuffisance-dun-accuse-de-reception\/","og_locale":"fr_FR","og_type":"article","og_title":"Insuffisance d\u2019un accus\u00e9 de r\u00e9ception - F\u00e9d\u00e9ration Belge de la Franchise","og_description":"[vc_row][vc_column][vc_column_text]Les faits Dans le cadre d\u2019une franchise de salons de coiffure, franchiseur et fran- chis\u00e9 s\u2019adressaient des reproches mutuels \u00e0 l\u2019occasion de l\u2019ex\u00e9cution de leur contrat. Ils avaient fait acter en cours de proc\u00e9dure leur accord de consid\u00e9rer le contrat de franchise r\u00e9sili\u00e9, sous r\u00e9serve de leurs droits quant \u00e0 ...","og_url":"https:\/\/www.fbf-bff.be\/fr\/insuffisance-dun-accuse-de-reception\/","og_site_name":"F\u00e9d\u00e9ration Belge de la Franchise","article_published_time":"2009-11-30T09:25:36+00:00","og_image":[{"width":272,"height":266,"url":"https:\/\/www.fbf-bff.be\/wp-content\/uploads\/2021\/10\/Pic_Court.jpg","type":"image\/jpeg"}],"author":"fbf_admin","twitter_card":"summary_large_image","twitter_misc":{"\u00c9crit par":"fbf_admin","Dur\u00e9e de lecture estim\u00e9e":"4 minutes"},"schema":{"@context":"https:\/\/schema.org","@graph":[{"@type":"WebPage","@id":"https:\/\/www.fbf-bff.be\/fr\/insuffisance-dun-accuse-de-reception\/","url":"https:\/\/www.fbf-bff.be\/fr\/insuffisance-dun-accuse-de-reception\/","name":"Insuffisance d\u2019un accus\u00e9 de r\u00e9ception - F\u00e9d\u00e9ration Belge de la Franchise","isPartOf":{"@id":"https:\/\/www.fbf-bff.be\/#website"},"primaryImageOfPage":{"@id":"https:\/\/www.fbf-bff.be\/fr\/insuffisance-dun-accuse-de-reception\/#primaryimage"},"image":{"@id":"https:\/\/www.fbf-bff.be\/fr\/insuffisance-dun-accuse-de-reception\/#primaryimage"},"thumbnailUrl":"https:\/\/www.fbf-bff.be\/wp-content\/uploads\/2021\/10\/Pic_Court.jpg","datePublished":"2009-11-30T09:25:36+00:00","dateModified":"2009-11-30T09:25:36+00:00","author":{"@id":"https:\/\/www.fbf-bff.be\/#\/schema\/person\/73a9cbee87288cba2b06e3fc29244fe7"},"breadcrumb":{"@id":"https:\/\/www.fbf-bff.be\/fr\/insuffisance-dun-accuse-de-reception\/#breadcrumb"},"inLanguage":"fr-FR","potentialAction":[{"@type":"ReadAction","target":["https:\/\/www.fbf-bff.be\/fr\/insuffisance-dun-accuse-de-reception\/"]}]},{"@type":"ImageObject","inLanguage":"fr-FR","@id":"https:\/\/www.fbf-bff.be\/fr\/insuffisance-dun-accuse-de-reception\/#primaryimage","url":"https:\/\/www.fbf-bff.be\/wp-content\/uploads\/2021\/10\/Pic_Court.jpg","contentUrl":"https:\/\/www.fbf-bff.be\/wp-content\/uploads\/2021\/10\/Pic_Court.jpg","width":272,"height":266},{"@type":"BreadcrumbList","@id":"https:\/\/www.fbf-bff.be\/fr\/insuffisance-dun-accuse-de-reception\/#breadcrumb","itemListElement":[{"@type":"ListItem","position":1,"name":"Home","item":"https:\/\/www.fbf-bff.be\/fr\/"},{"@type":"ListItem","position":2,"name":"Insuffisance d\u2019un accus\u00e9 de r\u00e9ception"}]},{"@type":"WebSite","@id":"https:\/\/www.fbf-bff.be\/#website","url":"https:\/\/www.fbf-bff.be\/","name":"F\u00e9d\u00e9ration Belge de la Franchise","description":"Pour r\u00e9ussir ensemblee","potentialAction":[{"@type":"SearchAction","target":{"@type":"EntryPoint","urlTemplate":"https:\/\/www.fbf-bff.be\/?s={search_term_string}"},"query-input":{"@type":"PropertyValueSpecification","valueRequired":true,"valueName":"search_term_string"}}],"inLanguage":"fr-FR"},{"@type":"Person","@id":"https:\/\/www.fbf-bff.be\/#\/schema\/person\/73a9cbee87288cba2b06e3fc29244fe7","name":"fbf_admin","image":{"@type":"ImageObject","inLanguage":"fr-FR","@id":"https:\/\/www.fbf-bff.be\/#\/schema\/person\/image\/","url":"https:\/\/secure.gravatar.com\/avatar\/20f6483dbe2a69e0999ddcdd1744b7f7?s=96&d=mm&r=g","contentUrl":"https:\/\/secure.gravatar.com\/avatar\/20f6483dbe2a69e0999ddcdd1744b7f7?s=96&d=mm&r=g","caption":"fbf_admin"}}]}},"_links":{"self":[{"href":"https:\/\/www.fbf-bff.be\/fr\/wp-json\/wp\/v2\/posts\/7168"}],"collection":[{"href":"https:\/\/www.fbf-bff.be\/fr\/wp-json\/wp\/v2\/posts"}],"about":[{"href":"https:\/\/www.fbf-bff.be\/fr\/wp-json\/wp\/v2\/types\/post"}],"author":[{"embeddable":true,"href":"https:\/\/www.fbf-bff.be\/fr\/wp-json\/wp\/v2\/users\/1"}],"replies":[{"embeddable":true,"href":"https:\/\/www.fbf-bff.be\/fr\/wp-json\/wp\/v2\/comments?post=7168"}],"version-history":[{"count":0,"href":"https:\/\/www.fbf-bff.be\/fr\/wp-json\/wp\/v2\/posts\/7168\/revisions"}],"wp:featuredmedia":[{"embeddable":true,"href":"https:\/\/www.fbf-bff.be\/fr\/wp-json\/wp\/v2\/media\/2942"}],"wp:attachment":[{"href":"https:\/\/www.fbf-bff.be\/fr\/wp-json\/wp\/v2\/media?parent=7168"}],"wp:term":[{"taxonomy":"category","embeddable":true,"href":"https:\/\/www.fbf-bff.be\/fr\/wp-json\/wp\/v2\/categories?post=7168"},{"taxonomy":"post_tag","embeddable":true,"href":"https:\/\/www.fbf-bff.be\/fr\/wp-json\/wp\/v2\/tags?post=7168"}],"curies":[{"name":"wp","href":"https:\/\/api.w.org\/{rel}","templated":true}]}}