{"id":21107,"date":"2025-05-07T23:08:07","date_gmt":"2025-05-07T21:08:07","guid":{"rendered":"https:\/\/www.fbf-bff.be\/poivre-nouveau-membre-effectif-a-la-federation-belge-de-la-franchise\/"},"modified":"2026-04-09T01:00:40","modified_gmt":"2026-04-08T23:00:40","slug":"poivre-nouveau-membre-effectif-a-la-federation-belge-de-la-franchise","status":"publish","type":"post","link":"https:\/\/www.fbf-bff.be\/fr\/poivre-nouveau-membre-effectif-a-la-federation-belge-de-la-franchise\/","title":{"rendered":"Poivre &#038; Sel; nouveau membre effectif \u00e0 la F\u00e9d\u00e9ration Belge de la Franchise !"},"content":{"rendered":"<span style=\"font-weight: 400\">La F\u00e9d\u00e9ration Belge de la Franchise est heureuse d&rsquo;accueillir un nouveau membre effectif.\u00a0<\/span>\r\n\r\n<span style=\"font-weight: 400\">La demande d\u2019adh\u00e9sion du r\u00e9seau de franchise <\/span><span style=\"font-weight: 400\">Poivre &amp; Sel<\/span><span style=\"font-weight: 400\"> a \u00e9t\u00e9 approuv\u00e9e, apr\u00e8s recommandation du <\/span><span style=\"font-weight: 400\">Coll\u00e8ge des Experts<\/span><span style=\"font-weight: 400\">, par le Comit\u00e9 Ex\u00e9cutif de BFF car ils remplissent pleinement les conditions. <\/span><span style=\"font-weight: 400\">Poivre &amp; Sel<\/span><span style=\"font-weight: 400\"> se d\u00e9veloppent, comme toutes le membres de la FBF, dans une relation \u00e9quilibr\u00e9e entre le franchiseur et le franchis\u00e9 et respectent le <\/span><span style=\"font-weight: 400\">Code de D\u00e9ontologie Europ\u00e9enne <\/span><span style=\"font-weight: 400\">de la franchise.\u00a0\u00a0<\/span>\r\n\r\n<span style=\"font-weight: 400\">Poivre &amp; Sel<\/span><span style=\"font-weight: 400\"> est un r\u00e9seau de franchise dans la restauration qui offre une formule lunch diff\u00e9rente et originale bas\u00e9e sur des toasts \u2013 salades \u2013 sandwiches, \u00e0 savourer sur place, ou \u00e0 emporter, le tout fait \u00ab maison \u00bb.<\/span>\r\n\r\n<img loading=\"lazy\" decoding=\"async\" class=\"alignnone size-full wp-image-55894\" src=\"https:\/\/www.fbf-bff.be\/wp-content\/uploads\/2025\/05\/photo-interieur-1-scaled-1.jpg\" alt=\"Poivre&amp;Sel\" width=\"1920\" height=\"2560\" \/>\r\n\r\n<span style=\"font-weight: 400\">Leur volont\u00e9: que chaque personne qui entre et s\u2019installe \u00e0 table oublie le temps d\u2019un d\u00e9jeuner le quotidien dans un endroit convivial, familial et ou l\u2019accueil est \u00e9gal \u00e0 la fra\u00eecheur et \u00e0 l\u2019authenticit\u00e9 des produits d\u00e9gust\u00e9s.<\/span>\r\n\r\n<span style=\"font-weight: 400\">Poivre &amp; Sel compte actuellement 8 points de vente en propre et 3 exploit\u00e9s par de franchis\u00e9s.<\/span>","protected":false},"excerpt":{"rendered":"<p>La F\u00e9d\u00e9ration Belge de la Franchise est heureuse d&rsquo;accueillir un nouveau membre effectif.\u00a0<\/p>\n<p>La demande d\u2019adh\u00e9sion du r\u00e9seau de franchise Poivre &amp; Sel a \u00e9t\u00e9 approuv\u00e9e, apr\u00e8s recommandation du Coll\u00e8ge des Experts, par le Comit\u00e9 Ex\u00e9cutif de BFF car ils remplissent pleinement les conditions. Poivre &amp; Sel se d\u00e9veloppent, &#8230;<\/p>\n","protected":false},"author":1,"featured_media":21108,"comment_status":"closed","ping_status":"open","sticky":false,"template":"","format":"standard","meta":{"ngg_post_thumbnail":0,"footnotes":""},"categories":[46,51],"tags":[],"acf":[],"yoast_head":"<!-- This site is optimized with the Yoast SEO plugin v23.5 - https:\/\/yoast.com\/wordpress\/plugins\/seo\/ -->\n<title>Poivre &#038; Sel; nouveau membre effectif \u00e0 la F\u00e9d\u00e9ration Belge de la Franchise ! - F\u00e9d\u00e9ration Belge de la Franchise<\/title>\n<meta name=\"robots\" content=\"index, follow, max-snippet:-1, max-image-preview:large, max-video-preview:-1\" \/>\n<link rel=\"canonical\" href=\"https:\/\/www.fbf-bff.be\/fr\/poivre-nouveau-membre-effectif-a-la-federation-belge-de-la-franchise\/\" \/>\n<meta property=\"og:locale\" content=\"fr_FR\" \/>\n<meta property=\"og:type\" content=\"article\" \/>\n<meta property=\"og:title\" content=\"Poivre &#038; Sel; nouveau membre effectif \u00e0 la F\u00e9d\u00e9ration Belge de la Franchise ! - F\u00e9d\u00e9ration Belge de la Franchise\" \/>\n<meta property=\"og:description\" content=\"La F\u00e9d\u00e9ration Belge de la Franchise est heureuse d&rsquo;accueillir un nouveau membre effectif.\u00a0  La demande d\u2019adh\u00e9sion du r\u00e9seau de franchise Poivre &amp; Sel a \u00e9t\u00e9 approuv\u00e9e, apr\u00e8s recommandation du Coll\u00e8ge des Experts, par le Comit\u00e9 Ex\u00e9cutif de BFF car ils remplissent pleinement les conditions. Poivre &amp; Sel se d\u00e9veloppent, ...\" \/>\n<meta property=\"og:url\" content=\"https:\/\/www.fbf-bff.be\/fr\/poivre-nouveau-membre-effectif-a-la-federation-belge-de-la-franchise\/\" \/>\n<meta property=\"og:site_name\" content=\"F\u00e9d\u00e9ration Belge de la Franchise\" \/>\n<meta property=\"article:published_time\" content=\"2025-05-07T21:08:07+00:00\" \/>\n<meta property=\"article:modified_time\" content=\"2026-04-08T23:00:40+00:00\" \/>\n<meta property=\"og:image\" content=\"https:\/\/www.fbf-bff.be\/wp-content\/uploads\/2025\/05\/logo.jpg\" \/>\n\t<meta property=\"og:image:width\" content=\"474\" \/>\n\t<meta property=\"og:image:height\" content=\"1004\" \/>\n\t<meta property=\"og:image:type\" content=\"image\/jpeg\" \/>\n<meta name=\"author\" content=\"fbf_admin\" \/>\n<meta name=\"twitter:card\" content=\"summary_large_image\" \/>\n<meta name=\"twitter:label1\" content=\"\u00c9crit par\" \/>\n\t<meta name=\"twitter:data1\" content=\"fbf_admin\" \/>\n\t<meta name=\"twitter:label2\" content=\"Dur\u00e9e de lecture estim\u00e9e\" \/>\n\t<meta name=\"twitter:data2\" content=\"1 minute\" \/>\n<script type=\"application\/ld+json\" class=\"yoast-schema-graph\">{\"@context\":\"https:\/\/schema.org\",\"@graph\":[{\"@type\":\"WebPage\",\"@id\":\"https:\/\/www.fbf-bff.be\/fr\/poivre-nouveau-membre-effectif-a-la-federation-belge-de-la-franchise\/\",\"url\":\"https:\/\/www.fbf-bff.be\/fr\/poivre-nouveau-membre-effectif-a-la-federation-belge-de-la-franchise\/\",\"name\":\"Poivre &#038; Sel; nouveau membre effectif \u00e0 la F\u00e9d\u00e9ration Belge de la Franchise ! - F\u00e9d\u00e9ration Belge de la Franchise\",\"isPartOf\":{\"@id\":\"https:\/\/www.fbf-bff.be\/#website\"},\"primaryImageOfPage\":{\"@id\":\"https:\/\/www.fbf-bff.be\/fr\/poivre-nouveau-membre-effectif-a-la-federation-belge-de-la-franchise\/#primaryimage\"},\"image\":{\"@id\":\"https:\/\/www.fbf-bff.be\/fr\/poivre-nouveau-membre-effectif-a-la-federation-belge-de-la-franchise\/#primaryimage\"},\"thumbnailUrl\":\"https:\/\/www.fbf-bff.be\/wp-content\/uploads\/2025\/05\/logo.jpg\",\"datePublished\":\"2025-05-07T21:08:07+00:00\",\"dateModified\":\"2026-04-08T23:00:40+00:00\",\"author\":{\"@id\":\"https:\/\/www.fbf-bff.be\/#\/schema\/person\/73a9cbee87288cba2b06e3fc29244fe7\"},\"breadcrumb\":{\"@id\":\"https:\/\/www.fbf-bff.be\/fr\/poivre-nouveau-membre-effectif-a-la-federation-belge-de-la-franchise\/#breadcrumb\"},\"inLanguage\":\"fr-FR\",\"potentialAction\":[{\"@type\":\"ReadAction\",\"target\":[\"https:\/\/www.fbf-bff.be\/fr\/poivre-nouveau-membre-effectif-a-la-federation-belge-de-la-franchise\/\"]}]},{\"@type\":\"ImageObject\",\"inLanguage\":\"fr-FR\",\"@id\":\"https:\/\/www.fbf-bff.be\/fr\/poivre-nouveau-membre-effectif-a-la-federation-belge-de-la-franchise\/#primaryimage\",\"url\":\"https:\/\/www.fbf-bff.be\/wp-content\/uploads\/2025\/05\/logo.jpg\",\"contentUrl\":\"https:\/\/www.fbf-bff.be\/wp-content\/uploads\/2025\/05\/logo.jpg\",\"width\":474,\"height\":1004},{\"@type\":\"BreadcrumbList\",\"@id\":\"https:\/\/www.fbf-bff.be\/fr\/poivre-nouveau-membre-effectif-a-la-federation-belge-de-la-franchise\/#breadcrumb\",\"itemListElement\":[{\"@type\":\"ListItem\",\"position\":1,\"name\":\"Home\",\"item\":\"https:\/\/www.fbf-bff.be\/fr\/\"},{\"@type\":\"ListItem\",\"position\":2,\"name\":\"Poivre &#038; Sel; nouveau membre effectif \u00e0 la F\u00e9d\u00e9ration Belge de la Franchise !\"}]},{\"@type\":\"WebSite\",\"@id\":\"https:\/\/www.fbf-bff.be\/#website\",\"url\":\"https:\/\/www.fbf-bff.be\/\",\"name\":\"F\u00e9d\u00e9ration Belge de la Franchise\",\"description\":\"Pour r\u00e9ussir ensemblee\",\"potentialAction\":[{\"@type\":\"SearchAction\",\"target\":{\"@type\":\"EntryPoint\",\"urlTemplate\":\"https:\/\/www.fbf-bff.be\/?s={search_term_string}\"},\"query-input\":{\"@type\":\"PropertyValueSpecification\",\"valueRequired\":true,\"valueName\":\"search_term_string\"}}],\"inLanguage\":\"fr-FR\"},{\"@type\":\"Person\",\"@id\":\"https:\/\/www.fbf-bff.be\/#\/schema\/person\/73a9cbee87288cba2b06e3fc29244fe7\",\"name\":\"fbf_admin\",\"image\":{\"@type\":\"ImageObject\",\"inLanguage\":\"fr-FR\",\"@id\":\"https:\/\/www.fbf-bff.be\/#\/schema\/person\/image\/\",\"url\":\"https:\/\/secure.gravatar.com\/avatar\/20f6483dbe2a69e0999ddcdd1744b7f7?s=96&d=mm&r=g\",\"contentUrl\":\"https:\/\/secure.gravatar.com\/avatar\/20f6483dbe2a69e0999ddcdd1744b7f7?s=96&d=mm&r=g\",\"caption\":\"fbf_admin\"}}]}<\/script>\n<!-- \/ Yoast SEO plugin. -->","yoast_head_json":{"title":"Poivre &#038; Sel; nouveau membre effectif \u00e0 la F\u00e9d\u00e9ration Belge de la Franchise ! - F\u00e9d\u00e9ration Belge de la Franchise","robots":{"index":"index","follow":"follow","max-snippet":"max-snippet:-1","max-image-preview":"max-image-preview:large","max-video-preview":"max-video-preview:-1"},"canonical":"https:\/\/www.fbf-bff.be\/fr\/poivre-nouveau-membre-effectif-a-la-federation-belge-de-la-franchise\/","og_locale":"fr_FR","og_type":"article","og_title":"Poivre &#038; Sel; nouveau membre effectif \u00e0 la F\u00e9d\u00e9ration Belge de la Franchise ! - F\u00e9d\u00e9ration Belge de la Franchise","og_description":"La F\u00e9d\u00e9ration Belge de la Franchise est heureuse d&rsquo;accueillir un nouveau membre effectif.\u00a0  La demande d\u2019adh\u00e9sion du r\u00e9seau de franchise Poivre &amp; Sel a \u00e9t\u00e9 approuv\u00e9e, apr\u00e8s recommandation du Coll\u00e8ge des Experts, par le Comit\u00e9 Ex\u00e9cutif de BFF car ils remplissent pleinement les conditions. Poivre &amp; Sel se d\u00e9veloppent, ...","og_url":"https:\/\/www.fbf-bff.be\/fr\/poivre-nouveau-membre-effectif-a-la-federation-belge-de-la-franchise\/","og_site_name":"F\u00e9d\u00e9ration Belge de la Franchise","article_published_time":"2025-05-07T21:08:07+00:00","article_modified_time":"2026-04-08T23:00:40+00:00","og_image":[{"width":474,"height":1004,"url":"https:\/\/www.fbf-bff.be\/wp-content\/uploads\/2025\/05\/logo.jpg","type":"image\/jpeg"}],"author":"fbf_admin","twitter_card":"summary_large_image","twitter_misc":{"\u00c9crit par":"fbf_admin","Dur\u00e9e de lecture estim\u00e9e":"1 minute"},"schema":{"@context":"https:\/\/schema.org","@graph":[{"@type":"WebPage","@id":"https:\/\/www.fbf-bff.be\/fr\/poivre-nouveau-membre-effectif-a-la-federation-belge-de-la-franchise\/","url":"https:\/\/www.fbf-bff.be\/fr\/poivre-nouveau-membre-effectif-a-la-federation-belge-de-la-franchise\/","name":"Poivre &#038; Sel; nouveau membre effectif \u00e0 la F\u00e9d\u00e9ration Belge de la Franchise ! - F\u00e9d\u00e9ration Belge de la Franchise","isPartOf":{"@id":"https:\/\/www.fbf-bff.be\/#website"},"primaryImageOfPage":{"@id":"https:\/\/www.fbf-bff.be\/fr\/poivre-nouveau-membre-effectif-a-la-federation-belge-de-la-franchise\/#primaryimage"},"image":{"@id":"https:\/\/www.fbf-bff.be\/fr\/poivre-nouveau-membre-effectif-a-la-federation-belge-de-la-franchise\/#primaryimage"},"thumbnailUrl":"https:\/\/www.fbf-bff.be\/wp-content\/uploads\/2025\/05\/logo.jpg","datePublished":"2025-05-07T21:08:07+00:00","dateModified":"2026-04-08T23:00:40+00:00","author":{"@id":"https:\/\/www.fbf-bff.be\/#\/schema\/person\/73a9cbee87288cba2b06e3fc29244fe7"},"breadcrumb":{"@id":"https:\/\/www.fbf-bff.be\/fr\/poivre-nouveau-membre-effectif-a-la-federation-belge-de-la-franchise\/#breadcrumb"},"inLanguage":"fr-FR","potentialAction":[{"@type":"ReadAction","target":["https:\/\/www.fbf-bff.be\/fr\/poivre-nouveau-membre-effectif-a-la-federation-belge-de-la-franchise\/"]}]},{"@type":"ImageObject","inLanguage":"fr-FR","@id":"https:\/\/www.fbf-bff.be\/fr\/poivre-nouveau-membre-effectif-a-la-federation-belge-de-la-franchise\/#primaryimage","url":"https:\/\/www.fbf-bff.be\/wp-content\/uploads\/2025\/05\/logo.jpg","contentUrl":"https:\/\/www.fbf-bff.be\/wp-content\/uploads\/2025\/05\/logo.jpg","width":474,"height":1004},{"@type":"BreadcrumbList","@id":"https:\/\/www.fbf-bff.be\/fr\/poivre-nouveau-membre-effectif-a-la-federation-belge-de-la-franchise\/#breadcrumb","itemListElement":[{"@type":"ListItem","position":1,"name":"Home","item":"https:\/\/www.fbf-bff.be\/fr\/"},{"@type":"ListItem","position":2,"name":"Poivre &#038; Sel; nouveau membre effectif \u00e0 la F\u00e9d\u00e9ration Belge de la Franchise !"}]},{"@type":"WebSite","@id":"https:\/\/www.fbf-bff.be\/#website","url":"https:\/\/www.fbf-bff.be\/","name":"F\u00e9d\u00e9ration Belge de la Franchise","description":"Pour r\u00e9ussir ensemblee","potentialAction":[{"@type":"SearchAction","target":{"@type":"EntryPoint","urlTemplate":"https:\/\/www.fbf-bff.be\/?s={search_term_string}"},"query-input":{"@type":"PropertyValueSpecification","valueRequired":true,"valueName":"search_term_string"}}],"inLanguage":"fr-FR"},{"@type":"Person","@id":"https:\/\/www.fbf-bff.be\/#\/schema\/person\/73a9cbee87288cba2b06e3fc29244fe7","name":"fbf_admin","image":{"@type":"ImageObject","inLanguage":"fr-FR","@id":"https:\/\/www.fbf-bff.be\/#\/schema\/person\/image\/","url":"https:\/\/secure.gravatar.com\/avatar\/20f6483dbe2a69e0999ddcdd1744b7f7?s=96&d=mm&r=g","contentUrl":"https:\/\/secure.gravatar.com\/avatar\/20f6483dbe2a69e0999ddcdd1744b7f7?s=96&d=mm&r=g","caption":"fbf_admin"}}]}},"_links":{"self":[{"href":"https:\/\/www.fbf-bff.be\/fr\/wp-json\/wp\/v2\/posts\/21107"}],"collection":[{"href":"https:\/\/www.fbf-bff.be\/fr\/wp-json\/wp\/v2\/posts"}],"about":[{"href":"https:\/\/www.fbf-bff.be\/fr\/wp-json\/wp\/v2\/types\/post"}],"author":[{"embeddable":true,"href":"https:\/\/www.fbf-bff.be\/fr\/wp-json\/wp\/v2\/users\/1"}],"replies":[{"embeddable":true,"href":"https:\/\/www.fbf-bff.be\/fr\/wp-json\/wp\/v2\/comments?post=21107"}],"version-history":[{"count":1,"href":"https:\/\/www.fbf-bff.be\/fr\/wp-json\/wp\/v2\/posts\/21107\/revisions"}],"predecessor-version":[{"id":21121,"href":"https:\/\/www.fbf-bff.be\/fr\/wp-json\/wp\/v2\/posts\/21107\/revisions\/21121"}],"wp:featuredmedia":[{"embeddable":true,"href":"https:\/\/www.fbf-bff.be\/fr\/wp-json\/wp\/v2\/media\/21108"}],"wp:attachment":[{"href":"https:\/\/www.fbf-bff.be\/fr\/wp-json\/wp\/v2\/media?parent=21107"}],"wp:term":[{"taxonomy":"category","embeddable":true,"href":"https:\/\/www.fbf-bff.be\/fr\/wp-json\/wp\/v2\/categories?post=21107"},{"taxonomy":"post_tag","embeddable":true,"href":"https:\/\/www.fbf-bff.be\/fr\/wp-json\/wp\/v2\/tags?post=21107"}],"curies":[{"name":"wp","href":"https:\/\/api.w.org\/{rel}","templated":true}]}}