{"id":20912,"date":"2025-04-16T20:33:06","date_gmt":"2025-04-16T18:33:06","guid":{"rendered":"https:\/\/www.fbf-bff.be\/schmidt-introduit-un-nouveau-concept\/"},"modified":"2026-04-09T01:00:39","modified_gmt":"2026-04-08T23:00:39","slug":"schmidt-introduit-un-nouveau-concept","status":"publish","type":"post","link":"https:\/\/www.fbf-bff.be\/fr\/schmidt-introduit-un-nouveau-concept\/","title":{"rendered":"Schmidt introduit un nouveau concept"},"content":{"rendered":"<p style=\"font-weight: 400\"><a href=\"https:\/\/franchisingbelgium.be\/franchises\/schmidt\/\" data-saferedirecturl=\"https:\/\/www.google.com\/url?q=https:\/\/franchisingbelgium.be\/franchises\/schmidt\/&amp;source=gmail&amp;ust=1744912207903000&amp;usg=AOvVaw3vvD3bOf7r4BPoKizp8NPa\">Schmidt<\/a>\u00a0a d\u00e9velopp\u00e9 le\u00a0<a href=\"https:\/\/www.home-design.schmidt\/fr-fr\/concept-curve\" data-saferedirecturl=\"https:\/\/www.google.com\/url?q=https:\/\/www.home-design.schmidt\/fr-fr\/concept-curve&amp;source=gmail&amp;ust=1744912207903000&amp;usg=AOvVaw0UTuessasUTUiire81E9nq\">concept Curve<\/a>, qui int\u00e8gre des fa\u00e7ades arrondies dans ses am\u00e9nagements, apportant une douceur de vivre et un design novateur \u00e0 l\u2019ensemble de la maison. Ce concept ne se limite pas \u00e0 la cuisine, mais s\u2019\u00e9tend \u00e0 d\u2019autres pi\u00e8ces, proposant des meubles aux lignes courbes qui ponctuent l\u2019espace et apportent du rythme aux int\u00e9rieurs.<\/p>\r\n<p style=\"font-weight: 400\">En effet, les meubles aux fa\u00e7ades arrondies, caract\u00e9ristiques du concept Curve, transforment non seulement les\u00a0<a href=\"https:\/\/www.home-design.schmidt\/fr-fr\/cuisines-equipees\" data-saferedirecturl=\"https:\/\/www.google.com\/url?q=https:\/\/www.home-design.schmidt\/fr-fr\/cuisines-equipees&amp;source=gmail&amp;ust=1744912207903000&amp;usg=AOvVaw0mfqSsdr594caOsGm_mQCp\">cuisines<\/a>, mais aussi les salons, les\u00a0<a href=\"https:\/\/www.home-design.schmidt\/fr-fr\/meubles-de-salles-de-bains\" data-saferedirecturl=\"https:\/\/www.google.com\/url?q=https:\/\/www.home-design.schmidt\/fr-fr\/meubles-de-salles-de-bains&amp;source=gmail&amp;ust=1744912207903000&amp;usg=AOvVaw0A9XYC9TdGrx7ATJ0I6Ae7\">salles de bains<\/a>\u00a0et m\u00eame les espaces de rangement comme les\u00a0<a href=\"https:\/\/www.home-design.schmidt\/fr-fr\/dressings-sur-mesure\" data-saferedirecturl=\"https:\/\/www.google.com\/url?q=https:\/\/www.home-design.schmidt\/fr-fr\/dressings-sur-mesure&amp;source=gmail&amp;ust=1744912207903000&amp;usg=AOvVaw2I_5YvqrA_-77itEsoZKVD\">dressings<\/a>\u00a0ou les\u00a0<a href=\"https:\/\/www.home-design.schmidt\/fr-fr\/meubles-et-rangements\/bibliotheques-sur-mesure\" data-saferedirecturl=\"https:\/\/www.google.com\/url?q=https:\/\/www.home-design.schmidt\/fr-fr\/meubles-et-rangements\/bibliotheques-sur-mesure&amp;source=gmail&amp;ust=1744912207903000&amp;usg=AOvVaw3ElnPe-SQS0Kr02TDSP_tr\">biblioth\u00e8ques<\/a>. Les lignes courbes adoucissent l\u2019espace en \u00e9liminant les angles droits souvent per\u00e7us comme rigides. Ce design contribue \u00e0 une circulation plus fluide et \u00e0 une transition naturelle entre les diff\u00e9rentes zones de la maison.<\/p>\r\n<p style=\"font-weight: 400\">Par exemple,\u00a0<a href=\"https:\/\/www.home-design.schmidt\/fr-fr\/meubles-et-rangements\/meuble-tv-bois-arrondi\" data-saferedirecturl=\"https:\/\/www.google.com\/url?q=https:\/\/www.home-design.schmidt\/fr-fr\/meubles-et-rangements\/meuble-tv-bois-arrondi&amp;source=gmail&amp;ust=1744912207904000&amp;usg=AOvVaw2yei653I9QjHdFjZKNqye8\">le meuble TV Versailles<\/a>\u00a0aux contours arrondis dans le salon peut s\u2019harmoniser avec une table basse courbe, cr\u00e9ant un effet enveloppant et accueillant. Dans la\u00a0<a href=\"https:\/\/www.home-design.schmidt\/fr-fr\/meubles-de-salles-de-bains\/meuble-de-salle-de-bains-rose-arrondi\" data-saferedirecturl=\"https:\/\/www.google.com\/url?q=https:\/\/www.home-design.schmidt\/fr-fr\/meubles-de-salles-de-bains\/meuble-de-salle-de-bains-rose-arrondi&amp;source=gmail&amp;ust=1744912207904000&amp;usg=AOvVaw0DGh4FA2Vfqw1Sal8Z6hoO\">salle de bains Montmartre<\/a>, des meubles aux lignes courbes apportent une sensation de s\u00e9r\u00e9nit\u00e9 et de bien-\u00eatre, tout en optimisant l\u2019espace.<\/p>\r\n\r\n<h2 style=\"font-weight: 400\">Personnalisation, mat\u00e9riaux et styles<\/h2>\r\n<p style=\"font-weight: 400\">Les cuisines aux fa\u00e7ades arrondies offrent une grande vari\u00e9t\u00e9 de personnalisations. Les mat\u00e9riaux utilis\u00e9s, tels que le bois de caract\u00e8re, les plans de travail aux teintes marron ou marbre, et les fa\u00e7ades color\u00e9es, permettent de cr\u00e9er des ambiances uniques et chaleureuses. L\u2019alliance de ces \u00e9l\u00e9ments conf\u00e8re une harmonie parfaite, comme en t\u00e9moigne la\u00a0<a href=\"https:\/\/www.home-design.schmidt\/fr-fr\/colibri\" data-saferedirecturl=\"https:\/\/www.google.com\/url?q=https:\/\/www.home-design.schmidt\/fr-fr\/colibri&amp;source=gmail&amp;ust=1744912207904000&amp;usg=AOvVaw091ygh5g6CMhbyjZDC1lms\">collaboration entre Schmidt et Colibri<\/a> : Schmidt va encore plus loin dans son offre d\u00e9corative en proposant des peintures en parfaite ad\u00e9quation avec les coloris de ses fa\u00e7ades. Ici, le coloris Purple se marie parfaitement au mur du m\u00eame coloris.<\/p>\r\n\r\n<h2 style=\"font-weight: 400\">Sublimer les courbes avec des \u00e9l\u00e9ments harmonieux<\/h2>\r\n<p style=\"font-weight: 400\">Pour accompagner les fa\u00e7ades arrondies et les lignes courb\u00e9ess des cuisines ou meubles du concept Curve, la d\u00e9coration joue un r\u00f4le essentiel dans l\u2019harmonie de l\u2019espace. Les formes et les textures des \u00e9l\u00e9ments d\u00e9coratifs doivent \u00eatre choisies avec soin pour renforcer la douceur et l\u2019\u00e9l\u00e9gance des courbes tout en cr\u00e9ant une ambiance chaleureuse et accueillante.<\/p>\r\n<p style=\"font-weight: 400\">Les objets d\u00e9coratifs aux formes arrondies, comme\u00a0<a href=\"https:\/\/www.shop.schmidt\/fr_fr\/chaise-tyra-en-bois-noyer-avec-accoudoirs-12010621.html\" saferedirecturl=\"https:\/\/www.google.com\/url?q=https:\/\/www.shop.schmidt\/fr_fr\/chaise-tyra-en-bois-noyer-avec-accoudoirs-12010621.html&amp;source=gmail&amp;ust=1744912207904000&amp;usg=AOvVaw1JhDtRcDtIYPgO67jMkmuU\" class=\"broken_link\">la chaise Tyra<\/a>\u00a0ou la\u00a0<a href=\"https:\/\/www.shop.schmidt\/fr_fr\/table-a-manger-ovale-ankara-en-acier-violet-200-x-100-cm-12020370.html\" data-saferedirecturl=\"https:\/\/www.google.com\/url?q=https:\/\/www.shop.schmidt\/fr_fr\/table-a-manger-ovale-ankara-en-acier-violet-200-x-100-cm-12020370.html&amp;source=gmail&amp;ust=1744912207904000&amp;usg=AOvVaw3zEYCPNVwVhBSKHUhckFQN\">table \u00e0 manger ovale Ankara<\/a>\u00a0en acier s\u2019int\u00e8grent parfaitement \u00e0 cet univers. Les textiles jouent \u00e9galement un r\u00f4le cl\u00e9 : des rideaux en lin aux plis fluides, des tapis circulaires ou des coussins aux motifs organiques peuvent renforcer la sensation de confort et d\u2019\u00e9quilibre. C\u00f4t\u00e9 mati\u00e8res, privil\u00e9gier les surfaces satin\u00e9es ou encore les finitions mates apporte une sensation de douceur tout en mettant en valeur les courbes des meubles.<\/p>\r\n<span lang=\"FR-BE\">Enfin, la d\u00e9coration lumineuse est essentielle pour souligner les lignes arrondies. Des bandes LED int\u00e9gr\u00e9es aux meubles ou des suspensions aux formes organiques peuvent mettre en valeur les courbes tout en apportant une lumi\u00e8re diffuse et agr\u00e9able. Ainsi, la d\u00e9coration devient un prolongement naturel des lignes courbes, transformant l\u2019espace en un lieu harmonieux o\u00f9 r\u00e8gnent \u00e9l\u00e9gance et fonctionnalit\u00e9, comme c\u2019est le cas avec la\u00a0<\/span><a href=\"https:\/\/www.shop.schmidt\/fr_fr\/luminaires-suspension-vidal-led-laiton-d-58-cm-lucide-11010213.html\" target=\"_blank\" rel=\"noopener\" data-saferedirecturl=\"https:\/\/www.google.com\/url?q=https:\/\/www.shop.schmidt\/fr_fr\/luminaires-suspension-vidal-led-laiton-d-58-cm-lucide-11010213.html&amp;source=gmail&amp;ust=1744912207904000&amp;usg=AOvVaw2Hk32aJj-MMa6x0Ll9MuZ6\"><span lang=\"FR-BE\">suspension Vidal<\/span><\/a><span lang=\"FR-BE\">.<\/span>\r\n<p style=\"font-weight: 400\">Pour bien choisir votre cuisine, faites confiance \u00e0 votre expert Schmidt. Profitez des conseils de nos experts pour cr\u00e9er la cuisine qui r\u00e9pond \u00e0 vos envies et \u00e0 votre mode de vie. D\u00e9couvrez tous nos mod\u00e8les de cuisine ainsi que nos accessoires de rangement, nos luminaires ou encore nos chaises qui\u00a0<strong>mettront en valeur votre pi\u00e8ce<\/strong>.<\/p>\r\n<p style=\"font-weight: 400\"><a href=\"https:\/\/franchisingbelgium.be\/franchises\/schmidt\/\"><img loading=\"lazy\" decoding=\"async\" class=\"alignnone wp-image-55796 size-full\" src=\"https:\/\/www.fbf-bff.be\/wp-content\/uploads\/2025\/04\/Schmidt-FR.png\" alt=\"SCHMIDT FR\" width=\"794\" height=\"300\" \/><\/a><\/p>","protected":false},"excerpt":{"rendered":"<p>Schmidt\u00a0a d\u00e9velopp\u00e9 le\u00a0concept Curve, qui int\u00e8gre des fa\u00e7ades arrondies dans ses am\u00e9nagements, apportant une douceur de vivre et un design novateur \u00e0 l\u2019ensemble de la maison. Ce concept ne se limite pas \u00e0 la cuisine, mais s\u2019\u00e9tend \u00e0 d\u2019autres pi\u00e8ces, proposant des meubles aux lignes courbes qui ponctuent l\u2019espace et &#8230;<\/p>\n","protected":false},"author":1,"featured_media":20913,"comment_status":"closed","ping_status":"open","sticky":false,"template":"","format":"standard","meta":{"ngg_post_thumbnail":0,"footnotes":""},"categories":[49,46,51],"tags":[],"acf":[],"yoast_head":"<!-- This site is optimized with the Yoast SEO plugin v23.5 - https:\/\/yoast.com\/wordpress\/plugins\/seo\/ -->\n<title>Schmidt introduit un nouveau concept - F\u00e9d\u00e9ration Belge de la Franchise<\/title>\n<meta name=\"robots\" content=\"index, follow, max-snippet:-1, max-image-preview:large, max-video-preview:-1\" \/>\n<link rel=\"canonical\" href=\"https:\/\/www.fbf-bff.be\/fr\/schmidt-introduit-un-nouveau-concept\/\" \/>\n<meta property=\"og:locale\" content=\"fr_FR\" \/>\n<meta property=\"og:type\" content=\"article\" \/>\n<meta property=\"og:title\" content=\"Schmidt introduit un nouveau concept - F\u00e9d\u00e9ration Belge de la Franchise\" \/>\n<meta property=\"og:description\" content=\"Schmidt\u00a0a d\u00e9velopp\u00e9 le\u00a0concept Curve, qui int\u00e8gre des fa\u00e7ades arrondies dans ses am\u00e9nagements, apportant une douceur de vivre et un design novateur \u00e0 l\u2019ensemble de la maison. Ce concept ne se limite pas \u00e0 la cuisine, mais s\u2019\u00e9tend \u00e0 d\u2019autres pi\u00e8ces, proposant des meubles aux lignes courbes qui ponctuent l\u2019espace et ...\" \/>\n<meta property=\"og:url\" content=\"https:\/\/www.fbf-bff.be\/fr\/schmidt-introduit-un-nouveau-concept\/\" \/>\n<meta property=\"og:site_name\" content=\"F\u00e9d\u00e9ration Belge de la Franchise\" \/>\n<meta property=\"article:published_time\" content=\"2025-04-16T18:33:06+00:00\" \/>\n<meta property=\"article:modified_time\" content=\"2026-04-08T23:00:39+00:00\" \/>\n<meta property=\"og:image\" content=\"https:\/\/www.fbf-bff.be\/wp-content\/uploads\/2025\/04\/image001-24.jpg\" \/>\n\t<meta property=\"og:image:width\" content=\"900\" \/>\n\t<meta property=\"og:image:height\" content=\"1200\" \/>\n\t<meta property=\"og:image:type\" content=\"image\/jpeg\" \/>\n<meta name=\"author\" content=\"fbf_admin\" \/>\n<meta name=\"twitter:card\" content=\"summary_large_image\" \/>\n<meta name=\"twitter:label1\" content=\"\u00c9crit par\" \/>\n\t<meta name=\"twitter:data1\" content=\"fbf_admin\" \/>\n\t<meta name=\"twitter:label2\" content=\"Dur\u00e9e de lecture estim\u00e9e\" \/>\n\t<meta name=\"twitter:data2\" content=\"3 minutes\" \/>\n<script type=\"application\/ld+json\" class=\"yoast-schema-graph\">{\"@context\":\"https:\/\/schema.org\",\"@graph\":[{\"@type\":\"WebPage\",\"@id\":\"https:\/\/www.fbf-bff.be\/fr\/schmidt-introduit-un-nouveau-concept\/\",\"url\":\"https:\/\/www.fbf-bff.be\/fr\/schmidt-introduit-un-nouveau-concept\/\",\"name\":\"Schmidt introduit un nouveau concept - F\u00e9d\u00e9ration Belge de la Franchise\",\"isPartOf\":{\"@id\":\"https:\/\/www.fbf-bff.be\/#website\"},\"primaryImageOfPage\":{\"@id\":\"https:\/\/www.fbf-bff.be\/fr\/schmidt-introduit-un-nouveau-concept\/#primaryimage\"},\"image\":{\"@id\":\"https:\/\/www.fbf-bff.be\/fr\/schmidt-introduit-un-nouveau-concept\/#primaryimage\"},\"thumbnailUrl\":\"https:\/\/www.fbf-bff.be\/wp-content\/uploads\/2025\/04\/image001-24.jpg\",\"datePublished\":\"2025-04-16T18:33:06+00:00\",\"dateModified\":\"2026-04-08T23:00:39+00:00\",\"author\":{\"@id\":\"https:\/\/www.fbf-bff.be\/#\/schema\/person\/73a9cbee87288cba2b06e3fc29244fe7\"},\"breadcrumb\":{\"@id\":\"https:\/\/www.fbf-bff.be\/fr\/schmidt-introduit-un-nouveau-concept\/#breadcrumb\"},\"inLanguage\":\"fr-FR\",\"potentialAction\":[{\"@type\":\"ReadAction\",\"target\":[\"https:\/\/www.fbf-bff.be\/fr\/schmidt-introduit-un-nouveau-concept\/\"]}]},{\"@type\":\"ImageObject\",\"inLanguage\":\"fr-FR\",\"@id\":\"https:\/\/www.fbf-bff.be\/fr\/schmidt-introduit-un-nouveau-concept\/#primaryimage\",\"url\":\"https:\/\/www.fbf-bff.be\/wp-content\/uploads\/2025\/04\/image001-24.jpg\",\"contentUrl\":\"https:\/\/www.fbf-bff.be\/wp-content\/uploads\/2025\/04\/image001-24.jpg\",\"width\":900,\"height\":1200},{\"@type\":\"BreadcrumbList\",\"@id\":\"https:\/\/www.fbf-bff.be\/fr\/schmidt-introduit-un-nouveau-concept\/#breadcrumb\",\"itemListElement\":[{\"@type\":\"ListItem\",\"position\":1,\"name\":\"Home\",\"item\":\"https:\/\/www.fbf-bff.be\/fr\/\"},{\"@type\":\"ListItem\",\"position\":2,\"name\":\"Schmidt introduit un nouveau concept\"}]},{\"@type\":\"WebSite\",\"@id\":\"https:\/\/www.fbf-bff.be\/#website\",\"url\":\"https:\/\/www.fbf-bff.be\/\",\"name\":\"F\u00e9d\u00e9ration Belge de la Franchise\",\"description\":\"Pour r\u00e9ussir ensemblee\",\"potentialAction\":[{\"@type\":\"SearchAction\",\"target\":{\"@type\":\"EntryPoint\",\"urlTemplate\":\"https:\/\/www.fbf-bff.be\/?s={search_term_string}\"},\"query-input\":{\"@type\":\"PropertyValueSpecification\",\"valueRequired\":true,\"valueName\":\"search_term_string\"}}],\"inLanguage\":\"fr-FR\"},{\"@type\":\"Person\",\"@id\":\"https:\/\/www.fbf-bff.be\/#\/schema\/person\/73a9cbee87288cba2b06e3fc29244fe7\",\"name\":\"fbf_admin\",\"image\":{\"@type\":\"ImageObject\",\"inLanguage\":\"fr-FR\",\"@id\":\"https:\/\/www.fbf-bff.be\/#\/schema\/person\/image\/\",\"url\":\"https:\/\/secure.gravatar.com\/avatar\/20f6483dbe2a69e0999ddcdd1744b7f7?s=96&d=mm&r=g\",\"contentUrl\":\"https:\/\/secure.gravatar.com\/avatar\/20f6483dbe2a69e0999ddcdd1744b7f7?s=96&d=mm&r=g\",\"caption\":\"fbf_admin\"}}]}<\/script>\n<!-- \/ Yoast SEO plugin. -->","yoast_head_json":{"title":"Schmidt introduit un nouveau concept - F\u00e9d\u00e9ration Belge de la Franchise","robots":{"index":"index","follow":"follow","max-snippet":"max-snippet:-1","max-image-preview":"max-image-preview:large","max-video-preview":"max-video-preview:-1"},"canonical":"https:\/\/www.fbf-bff.be\/fr\/schmidt-introduit-un-nouveau-concept\/","og_locale":"fr_FR","og_type":"article","og_title":"Schmidt introduit un nouveau concept - F\u00e9d\u00e9ration Belge de la Franchise","og_description":"Schmidt\u00a0a d\u00e9velopp\u00e9 le\u00a0concept Curve, qui int\u00e8gre des fa\u00e7ades arrondies dans ses am\u00e9nagements, apportant une douceur de vivre et un design novateur \u00e0 l\u2019ensemble de la maison. Ce concept ne se limite pas \u00e0 la cuisine, mais s\u2019\u00e9tend \u00e0 d\u2019autres pi\u00e8ces, proposant des meubles aux lignes courbes qui ponctuent l\u2019espace et ...","og_url":"https:\/\/www.fbf-bff.be\/fr\/schmidt-introduit-un-nouveau-concept\/","og_site_name":"F\u00e9d\u00e9ration Belge de la Franchise","article_published_time":"2025-04-16T18:33:06+00:00","article_modified_time":"2026-04-08T23:00:39+00:00","og_image":[{"width":900,"height":1200,"url":"https:\/\/www.fbf-bff.be\/wp-content\/uploads\/2025\/04\/image001-24.jpg","type":"image\/jpeg"}],"author":"fbf_admin","twitter_card":"summary_large_image","twitter_misc":{"\u00c9crit par":"fbf_admin","Dur\u00e9e de lecture estim\u00e9e":"3 minutes"},"schema":{"@context":"https:\/\/schema.org","@graph":[{"@type":"WebPage","@id":"https:\/\/www.fbf-bff.be\/fr\/schmidt-introduit-un-nouveau-concept\/","url":"https:\/\/www.fbf-bff.be\/fr\/schmidt-introduit-un-nouveau-concept\/","name":"Schmidt introduit un nouveau concept - F\u00e9d\u00e9ration Belge de la Franchise","isPartOf":{"@id":"https:\/\/www.fbf-bff.be\/#website"},"primaryImageOfPage":{"@id":"https:\/\/www.fbf-bff.be\/fr\/schmidt-introduit-un-nouveau-concept\/#primaryimage"},"image":{"@id":"https:\/\/www.fbf-bff.be\/fr\/schmidt-introduit-un-nouveau-concept\/#primaryimage"},"thumbnailUrl":"https:\/\/www.fbf-bff.be\/wp-content\/uploads\/2025\/04\/image001-24.jpg","datePublished":"2025-04-16T18:33:06+00:00","dateModified":"2026-04-08T23:00:39+00:00","author":{"@id":"https:\/\/www.fbf-bff.be\/#\/schema\/person\/73a9cbee87288cba2b06e3fc29244fe7"},"breadcrumb":{"@id":"https:\/\/www.fbf-bff.be\/fr\/schmidt-introduit-un-nouveau-concept\/#breadcrumb"},"inLanguage":"fr-FR","potentialAction":[{"@type":"ReadAction","target":["https:\/\/www.fbf-bff.be\/fr\/schmidt-introduit-un-nouveau-concept\/"]}]},{"@type":"ImageObject","inLanguage":"fr-FR","@id":"https:\/\/www.fbf-bff.be\/fr\/schmidt-introduit-un-nouveau-concept\/#primaryimage","url":"https:\/\/www.fbf-bff.be\/wp-content\/uploads\/2025\/04\/image001-24.jpg","contentUrl":"https:\/\/www.fbf-bff.be\/wp-content\/uploads\/2025\/04\/image001-24.jpg","width":900,"height":1200},{"@type":"BreadcrumbList","@id":"https:\/\/www.fbf-bff.be\/fr\/schmidt-introduit-un-nouveau-concept\/#breadcrumb","itemListElement":[{"@type":"ListItem","position":1,"name":"Home","item":"https:\/\/www.fbf-bff.be\/fr\/"},{"@type":"ListItem","position":2,"name":"Schmidt introduit un nouveau concept"}]},{"@type":"WebSite","@id":"https:\/\/www.fbf-bff.be\/#website","url":"https:\/\/www.fbf-bff.be\/","name":"F\u00e9d\u00e9ration Belge de la Franchise","description":"Pour r\u00e9ussir ensemblee","potentialAction":[{"@type":"SearchAction","target":{"@type":"EntryPoint","urlTemplate":"https:\/\/www.fbf-bff.be\/?s={search_term_string}"},"query-input":{"@type":"PropertyValueSpecification","valueRequired":true,"valueName":"search_term_string"}}],"inLanguage":"fr-FR"},{"@type":"Person","@id":"https:\/\/www.fbf-bff.be\/#\/schema\/person\/73a9cbee87288cba2b06e3fc29244fe7","name":"fbf_admin","image":{"@type":"ImageObject","inLanguage":"fr-FR","@id":"https:\/\/www.fbf-bff.be\/#\/schema\/person\/image\/","url":"https:\/\/secure.gravatar.com\/avatar\/20f6483dbe2a69e0999ddcdd1744b7f7?s=96&d=mm&r=g","contentUrl":"https:\/\/secure.gravatar.com\/avatar\/20f6483dbe2a69e0999ddcdd1744b7f7?s=96&d=mm&r=g","caption":"fbf_admin"}}]}},"_links":{"self":[{"href":"https:\/\/www.fbf-bff.be\/fr\/wp-json\/wp\/v2\/posts\/20912"}],"collection":[{"href":"https:\/\/www.fbf-bff.be\/fr\/wp-json\/wp\/v2\/posts"}],"about":[{"href":"https:\/\/www.fbf-bff.be\/fr\/wp-json\/wp\/v2\/types\/post"}],"author":[{"embeddable":true,"href":"https:\/\/www.fbf-bff.be\/fr\/wp-json\/wp\/v2\/users\/1"}],"replies":[{"embeddable":true,"href":"https:\/\/www.fbf-bff.be\/fr\/wp-json\/wp\/v2\/comments?post=20912"}],"version-history":[{"count":1,"href":"https:\/\/www.fbf-bff.be\/fr\/wp-json\/wp\/v2\/posts\/20912\/revisions"}],"predecessor-version":[{"id":20929,"href":"https:\/\/www.fbf-bff.be\/fr\/wp-json\/wp\/v2\/posts\/20912\/revisions\/20929"}],"wp:featuredmedia":[{"embeddable":true,"href":"https:\/\/www.fbf-bff.be\/fr\/wp-json\/wp\/v2\/media\/20913"}],"wp:attachment":[{"href":"https:\/\/www.fbf-bff.be\/fr\/wp-json\/wp\/v2\/media?parent=20912"}],"wp:term":[{"taxonomy":"category","embeddable":true,"href":"https:\/\/www.fbf-bff.be\/fr\/wp-json\/wp\/v2\/categories?post=20912"},{"taxonomy":"post_tag","embeddable":true,"href":"https:\/\/www.fbf-bff.be\/fr\/wp-json\/wp\/v2\/tags?post=20912"}],"curies":[{"name":"wp","href":"https:\/\/api.w.org\/{rel}","templated":true}]}}