{"id":20380,"date":"2025-02-19T15:44:52","date_gmt":"2025-02-19T14:44:52","guid":{"rendered":"https:\/\/www.fbf-bff.be\/belchicken-ouvre-un-nouveau-restaurant-a-merksem\/"},"modified":"2026-04-09T01:00:36","modified_gmt":"2026-04-08T23:00:36","slug":"belchicken-ouvre-un-nouveau-restaurant-a-merksem","status":"publish","type":"post","link":"https:\/\/www.fbf-bff.be\/fr\/belchicken-ouvre-un-nouveau-restaurant-a-merksem\/","title":{"rendered":"Belchicken ouvre un nouveau restaurant \u00e0 Merksem"},"content":{"rendered":"<p style=\"font-weight: 400\">Bonne nouvelle pour les amateurs de poulet croustillant et de casualfood savoureuse : Le r\u00e9seau de\u00a0<a href=\"\/?page_id=38650\" saferedirecturl=\"https:\/\/www.google.com\/url?q=https:\/\/franchisingbelgium.be\/la-franchise-en-belgique\/&amp;source=gmail&amp;ust=1739979497909000&amp;usg=AOvVaw3xGJHC-PhzPJ6piIhFUwwM\" class=\"broken_link\">franchise<\/a>\u00a0<a href=\"\/?p=46317\" saferedirecturl=\"https:\/\/www.google.com\/url?q=https:\/\/franchisingbelgium.be\/franchises\/belchicken\/&amp;source=gmail&amp;ust=1739979497909000&amp;usg=AOvVaw3Ce7rwRMTyOwblZqBY9-io\" class=\"broken_link\">Belchicken<\/a>\u00a0a ouvert un nouveau restaurant \u00e0 Merksem ! Depuis le mercredi 5 f\u00e9vrier 2025, les clients peuvent se rendre au\u00a0<strong>Bredabaan \u00e0 Anvers<\/strong>\u00a0pour savourer les sp\u00e9cialit\u00e9s populaires et gourmandes de Belchicken.<\/p>\r\n<p style=\"font-weight: 400\">Najib, le\u00a0<a href=\"\/?page_id=38677\" saferedirecturl=\"https:\/\/www.google.com\/url?q=https:\/\/franchisingbelgium.be\/devenir-franchise\/&amp;source=gmail&amp;ust=1739979497909000&amp;usg=AOvVaw2t9kuedYgw43RRX38cSAO6\" class=\"broken_link\">franchis\u00e9<\/a>\u00a0qui inaugure son tout premier restaurant Belchicken, est ravi de cette nouvelle aventure :\u00a0<em>\u00ab Je suis tr\u00e8s fier d\u2019apporter Belchicken \u00e0 Merksem. Nous avons travaill\u00e9 dur pour offrir le meilleur \u00e0 nos clients, et je suis convaincu que ce sera une belle r\u00e9ussite ! \u00bb<\/em><\/p>\r\n<p style=\"font-weight: 400\">Lors de la journ\u00e9e d\u2019ouverture, les premiers visiteurs ont \u00e9t\u00e9 chaleureusement accueillis avec des d\u00e9gustations et une ambiance festive. Ce nouvel \u00e9tablissement promet d\u2019\u00eatre un lieu convivial pour tous les amateurs de poulet de qualit\u00e9, pr\u00e9par\u00e9 avec passion et authenticit\u00e9.<\/p>\r\n<p style=\"font-weight: 400\">Belchicken continue son expansion en Belgique et Europe et franchit une nouvelle \u00e9tape dans sa mission de faire d\u00e9couvrir ses recettes uniques. Venez go\u00fbter par vous-m\u00eame dans notre nouveau restaurant \u00e0 Merksem !<\/p>\r\n<a href=\"\/?p=46317\" class=\"broken_link\"><img loading=\"lazy\" decoding=\"async\" class=\"alignnone wp-image-54993 size-full\" src=\"https:\/\/www.fbf-bff.be\/wp-content\/uploads\/2024\/12\/BELCHICKEN-FR.png\" alt=\"Belchicken Contact\" width=\"2000\" height=\"600\" \/><\/a>","protected":false},"excerpt":{"rendered":"<p>Bonne nouvelle pour les amateurs de poulet croustillant et de casualfood savoureuse : Le r\u00e9seau de\u00a0franchise\u00a0Belchicken\u00a0a ouvert un nouveau restaurant \u00e0 Merksem ! Depuis le mercredi 5 f\u00e9vrier 2025, les clients peuvent se rendre au\u00a0Bredabaan \u00e0 Anvers\u00a0pour savourer les sp\u00e9cialit\u00e9s populaires et gourmandes de Belchicken.<br \/>\nNajib, le\u00a0franchis\u00e9\u00a0qui inaugure son tout &#8230;<\/p>\n","protected":false},"author":1,"featured_media":20367,"comment_status":"closed","ping_status":"open","sticky":false,"template":"","format":"standard","meta":{"ngg_post_thumbnail":0,"footnotes":""},"categories":[49,46,51],"tags":[],"acf":[],"yoast_head":"<!-- This site is optimized with the Yoast SEO plugin v23.5 - https:\/\/yoast.com\/wordpress\/plugins\/seo\/ -->\n<title>Belchicken ouvre un nouveau restaurant \u00e0 Merksem - F\u00e9d\u00e9ration Belge de la Franchise<\/title>\n<meta name=\"robots\" content=\"index, follow, max-snippet:-1, max-image-preview:large, max-video-preview:-1\" \/>\n<link rel=\"canonical\" href=\"https:\/\/www.fbf-bff.be\/fr\/belchicken-ouvre-un-nouveau-restaurant-a-merksem\/\" \/>\n<meta property=\"og:locale\" content=\"fr_FR\" \/>\n<meta property=\"og:type\" content=\"article\" \/>\n<meta property=\"og:title\" content=\"Belchicken ouvre un nouveau restaurant \u00e0 Merksem - F\u00e9d\u00e9ration Belge de la Franchise\" \/>\n<meta property=\"og:description\" content=\"Bonne nouvelle pour les amateurs de poulet croustillant et de casualfood savoureuse : Le r\u00e9seau de\u00a0franchise\u00a0Belchicken\u00a0a ouvert un nouveau restaurant \u00e0 Merksem ! Depuis le mercredi 5 f\u00e9vrier 2025, les clients peuvent se rendre au\u00a0Bredabaan \u00e0 Anvers\u00a0pour savourer les sp\u00e9cialit\u00e9s populaires et gourmandes de Belchicken. Najib, le\u00a0franchis\u00e9\u00a0qui inaugure son tout ...\" \/>\n<meta property=\"og:url\" content=\"https:\/\/www.fbf-bff.be\/fr\/belchicken-ouvre-un-nouveau-restaurant-a-merksem\/\" \/>\n<meta property=\"og:site_name\" content=\"F\u00e9d\u00e9ration Belge de la Franchise\" \/>\n<meta property=\"article:published_time\" content=\"2025-02-19T14:44:52+00:00\" \/>\n<meta property=\"article:modified_time\" content=\"2026-04-08T23:00:36+00:00\" \/>\n<meta property=\"og:image\" content=\"https:\/\/www.fbf-bff.be\/wp-content\/uploads\/2025\/02\/Merksem.jpg\" \/>\n\t<meta property=\"og:image:width\" content=\"1080\" \/>\n\t<meta property=\"og:image:height\" content=\"1080\" \/>\n\t<meta property=\"og:image:type\" content=\"image\/jpeg\" \/>\n<meta name=\"author\" content=\"fbf_admin\" \/>\n<meta name=\"twitter:card\" content=\"summary_large_image\" \/>\n<meta name=\"twitter:label1\" content=\"\u00c9crit par\" \/>\n\t<meta name=\"twitter:data1\" content=\"fbf_admin\" \/>\n\t<meta name=\"twitter:label2\" content=\"Dur\u00e9e de lecture estim\u00e9e\" \/>\n\t<meta name=\"twitter:data2\" content=\"1 minute\" \/>\n<script type=\"application\/ld+json\" class=\"yoast-schema-graph\">{\"@context\":\"https:\/\/schema.org\",\"@graph\":[{\"@type\":\"WebPage\",\"@id\":\"https:\/\/www.fbf-bff.be\/fr\/belchicken-ouvre-un-nouveau-restaurant-a-merksem\/\",\"url\":\"https:\/\/www.fbf-bff.be\/fr\/belchicken-ouvre-un-nouveau-restaurant-a-merksem\/\",\"name\":\"Belchicken ouvre un nouveau restaurant \u00e0 Merksem - F\u00e9d\u00e9ration Belge de la Franchise\",\"isPartOf\":{\"@id\":\"https:\/\/www.fbf-bff.be\/#website\"},\"primaryImageOfPage\":{\"@id\":\"https:\/\/www.fbf-bff.be\/fr\/belchicken-ouvre-un-nouveau-restaurant-a-merksem\/#primaryimage\"},\"image\":{\"@id\":\"https:\/\/www.fbf-bff.be\/fr\/belchicken-ouvre-un-nouveau-restaurant-a-merksem\/#primaryimage\"},\"thumbnailUrl\":\"https:\/\/www.fbf-bff.be\/wp-content\/uploads\/2025\/02\/Merksem.jpg\",\"datePublished\":\"2025-02-19T14:44:52+00:00\",\"dateModified\":\"2026-04-08T23:00:36+00:00\",\"author\":{\"@id\":\"https:\/\/www.fbf-bff.be\/#\/schema\/person\/73a9cbee87288cba2b06e3fc29244fe7\"},\"breadcrumb\":{\"@id\":\"https:\/\/www.fbf-bff.be\/fr\/belchicken-ouvre-un-nouveau-restaurant-a-merksem\/#breadcrumb\"},\"inLanguage\":\"fr-FR\",\"potentialAction\":[{\"@type\":\"ReadAction\",\"target\":[\"https:\/\/www.fbf-bff.be\/fr\/belchicken-ouvre-un-nouveau-restaurant-a-merksem\/\"]}]},{\"@type\":\"ImageObject\",\"inLanguage\":\"fr-FR\",\"@id\":\"https:\/\/www.fbf-bff.be\/fr\/belchicken-ouvre-un-nouveau-restaurant-a-merksem\/#primaryimage\",\"url\":\"https:\/\/www.fbf-bff.be\/wp-content\/uploads\/2025\/02\/Merksem.jpg\",\"contentUrl\":\"https:\/\/www.fbf-bff.be\/wp-content\/uploads\/2025\/02\/Merksem.jpg\",\"width\":1080,\"height\":1080},{\"@type\":\"BreadcrumbList\",\"@id\":\"https:\/\/www.fbf-bff.be\/fr\/belchicken-ouvre-un-nouveau-restaurant-a-merksem\/#breadcrumb\",\"itemListElement\":[{\"@type\":\"ListItem\",\"position\":1,\"name\":\"Home\",\"item\":\"https:\/\/www.fbf-bff.be\/fr\/\"},{\"@type\":\"ListItem\",\"position\":2,\"name\":\"Belchicken ouvre un nouveau restaurant \u00e0 Merksem\"}]},{\"@type\":\"WebSite\",\"@id\":\"https:\/\/www.fbf-bff.be\/#website\",\"url\":\"https:\/\/www.fbf-bff.be\/\",\"name\":\"F\u00e9d\u00e9ration Belge de la Franchise\",\"description\":\"Pour r\u00e9ussir ensemblee\",\"potentialAction\":[{\"@type\":\"SearchAction\",\"target\":{\"@type\":\"EntryPoint\",\"urlTemplate\":\"https:\/\/www.fbf-bff.be\/?s={search_term_string}\"},\"query-input\":{\"@type\":\"PropertyValueSpecification\",\"valueRequired\":true,\"valueName\":\"search_term_string\"}}],\"inLanguage\":\"fr-FR\"},{\"@type\":\"Person\",\"@id\":\"https:\/\/www.fbf-bff.be\/#\/schema\/person\/73a9cbee87288cba2b06e3fc29244fe7\",\"name\":\"fbf_admin\",\"image\":{\"@type\":\"ImageObject\",\"inLanguage\":\"fr-FR\",\"@id\":\"https:\/\/www.fbf-bff.be\/#\/schema\/person\/image\/\",\"url\":\"https:\/\/secure.gravatar.com\/avatar\/20f6483dbe2a69e0999ddcdd1744b7f7?s=96&d=mm&r=g\",\"contentUrl\":\"https:\/\/secure.gravatar.com\/avatar\/20f6483dbe2a69e0999ddcdd1744b7f7?s=96&d=mm&r=g\",\"caption\":\"fbf_admin\"}}]}<\/script>\n<!-- \/ Yoast SEO plugin. -->","yoast_head_json":{"title":"Belchicken ouvre un nouveau restaurant \u00e0 Merksem - F\u00e9d\u00e9ration Belge de la Franchise","robots":{"index":"index","follow":"follow","max-snippet":"max-snippet:-1","max-image-preview":"max-image-preview:large","max-video-preview":"max-video-preview:-1"},"canonical":"https:\/\/www.fbf-bff.be\/fr\/belchicken-ouvre-un-nouveau-restaurant-a-merksem\/","og_locale":"fr_FR","og_type":"article","og_title":"Belchicken ouvre un nouveau restaurant \u00e0 Merksem - F\u00e9d\u00e9ration Belge de la Franchise","og_description":"Bonne nouvelle pour les amateurs de poulet croustillant et de casualfood savoureuse : Le r\u00e9seau de\u00a0franchise\u00a0Belchicken\u00a0a ouvert un nouveau restaurant \u00e0 Merksem ! Depuis le mercredi 5 f\u00e9vrier 2025, les clients peuvent se rendre au\u00a0Bredabaan \u00e0 Anvers\u00a0pour savourer les sp\u00e9cialit\u00e9s populaires et gourmandes de Belchicken. Najib, le\u00a0franchis\u00e9\u00a0qui inaugure son tout ...","og_url":"https:\/\/www.fbf-bff.be\/fr\/belchicken-ouvre-un-nouveau-restaurant-a-merksem\/","og_site_name":"F\u00e9d\u00e9ration Belge de la Franchise","article_published_time":"2025-02-19T14:44:52+00:00","article_modified_time":"2026-04-08T23:00:36+00:00","og_image":[{"width":1080,"height":1080,"url":"https:\/\/www.fbf-bff.be\/wp-content\/uploads\/2025\/02\/Merksem.jpg","type":"image\/jpeg"}],"author":"fbf_admin","twitter_card":"summary_large_image","twitter_misc":{"\u00c9crit par":"fbf_admin","Dur\u00e9e de lecture estim\u00e9e":"1 minute"},"schema":{"@context":"https:\/\/schema.org","@graph":[{"@type":"WebPage","@id":"https:\/\/www.fbf-bff.be\/fr\/belchicken-ouvre-un-nouveau-restaurant-a-merksem\/","url":"https:\/\/www.fbf-bff.be\/fr\/belchicken-ouvre-un-nouveau-restaurant-a-merksem\/","name":"Belchicken ouvre un nouveau restaurant \u00e0 Merksem - F\u00e9d\u00e9ration Belge de la Franchise","isPartOf":{"@id":"https:\/\/www.fbf-bff.be\/#website"},"primaryImageOfPage":{"@id":"https:\/\/www.fbf-bff.be\/fr\/belchicken-ouvre-un-nouveau-restaurant-a-merksem\/#primaryimage"},"image":{"@id":"https:\/\/www.fbf-bff.be\/fr\/belchicken-ouvre-un-nouveau-restaurant-a-merksem\/#primaryimage"},"thumbnailUrl":"https:\/\/www.fbf-bff.be\/wp-content\/uploads\/2025\/02\/Merksem.jpg","datePublished":"2025-02-19T14:44:52+00:00","dateModified":"2026-04-08T23:00:36+00:00","author":{"@id":"https:\/\/www.fbf-bff.be\/#\/schema\/person\/73a9cbee87288cba2b06e3fc29244fe7"},"breadcrumb":{"@id":"https:\/\/www.fbf-bff.be\/fr\/belchicken-ouvre-un-nouveau-restaurant-a-merksem\/#breadcrumb"},"inLanguage":"fr-FR","potentialAction":[{"@type":"ReadAction","target":["https:\/\/www.fbf-bff.be\/fr\/belchicken-ouvre-un-nouveau-restaurant-a-merksem\/"]}]},{"@type":"ImageObject","inLanguage":"fr-FR","@id":"https:\/\/www.fbf-bff.be\/fr\/belchicken-ouvre-un-nouveau-restaurant-a-merksem\/#primaryimage","url":"https:\/\/www.fbf-bff.be\/wp-content\/uploads\/2025\/02\/Merksem.jpg","contentUrl":"https:\/\/www.fbf-bff.be\/wp-content\/uploads\/2025\/02\/Merksem.jpg","width":1080,"height":1080},{"@type":"BreadcrumbList","@id":"https:\/\/www.fbf-bff.be\/fr\/belchicken-ouvre-un-nouveau-restaurant-a-merksem\/#breadcrumb","itemListElement":[{"@type":"ListItem","position":1,"name":"Home","item":"https:\/\/www.fbf-bff.be\/fr\/"},{"@type":"ListItem","position":2,"name":"Belchicken ouvre un nouveau restaurant \u00e0 Merksem"}]},{"@type":"WebSite","@id":"https:\/\/www.fbf-bff.be\/#website","url":"https:\/\/www.fbf-bff.be\/","name":"F\u00e9d\u00e9ration Belge de la Franchise","description":"Pour r\u00e9ussir ensemblee","potentialAction":[{"@type":"SearchAction","target":{"@type":"EntryPoint","urlTemplate":"https:\/\/www.fbf-bff.be\/?s={search_term_string}"},"query-input":{"@type":"PropertyValueSpecification","valueRequired":true,"valueName":"search_term_string"}}],"inLanguage":"fr-FR"},{"@type":"Person","@id":"https:\/\/www.fbf-bff.be\/#\/schema\/person\/73a9cbee87288cba2b06e3fc29244fe7","name":"fbf_admin","image":{"@type":"ImageObject","inLanguage":"fr-FR","@id":"https:\/\/www.fbf-bff.be\/#\/schema\/person\/image\/","url":"https:\/\/secure.gravatar.com\/avatar\/20f6483dbe2a69e0999ddcdd1744b7f7?s=96&d=mm&r=g","contentUrl":"https:\/\/secure.gravatar.com\/avatar\/20f6483dbe2a69e0999ddcdd1744b7f7?s=96&d=mm&r=g","caption":"fbf_admin"}}]}},"_links":{"self":[{"href":"https:\/\/www.fbf-bff.be\/fr\/wp-json\/wp\/v2\/posts\/20380"}],"collection":[{"href":"https:\/\/www.fbf-bff.be\/fr\/wp-json\/wp\/v2\/posts"}],"about":[{"href":"https:\/\/www.fbf-bff.be\/fr\/wp-json\/wp\/v2\/types\/post"}],"author":[{"embeddable":true,"href":"https:\/\/www.fbf-bff.be\/fr\/wp-json\/wp\/v2\/users\/1"}],"replies":[{"embeddable":true,"href":"https:\/\/www.fbf-bff.be\/fr\/wp-json\/wp\/v2\/comments?post=20380"}],"version-history":[{"count":1,"href":"https:\/\/www.fbf-bff.be\/fr\/wp-json\/wp\/v2\/posts\/20380\/revisions"}],"predecessor-version":[{"id":20404,"href":"https:\/\/www.fbf-bff.be\/fr\/wp-json\/wp\/v2\/posts\/20380\/revisions\/20404"}],"wp:featuredmedia":[{"embeddable":true,"href":"https:\/\/www.fbf-bff.be\/fr\/wp-json\/wp\/v2\/media\/20367"}],"wp:attachment":[{"href":"https:\/\/www.fbf-bff.be\/fr\/wp-json\/wp\/v2\/media?parent=20380"}],"wp:term":[{"taxonomy":"category","embeddable":true,"href":"https:\/\/www.fbf-bff.be\/fr\/wp-json\/wp\/v2\/categories?post=20380"},{"taxonomy":"post_tag","embeddable":true,"href":"https:\/\/www.fbf-bff.be\/fr\/wp-json\/wp\/v2\/tags?post=20380"}],"curies":[{"name":"wp","href":"https:\/\/api.w.org\/{rel}","templated":true}]}}