{"id":20224,"date":"2025-01-29T10:57:28","date_gmt":"2025-01-29T09:57:28","guid":{"rendered":"https:\/\/www.fbf-bff.be\/le-mediateur-dentreprises-est-desormais-appele-praticien-de-la-reorganisation-mais-il-reste-un-mediateur\/"},"modified":"2026-04-09T01:00:36","modified_gmt":"2026-04-08T23:00:36","slug":"le-mediateur-dentreprises-est-desormais-appele-praticien-de-la-reorganisation-mais-il-reste-un-mediateur","status":"publish","type":"post","link":"https:\/\/www.fbf-bff.be\/fr\/le-mediateur-dentreprises-est-desormais-appele-praticien-de-la-reorganisation-mais-il-reste-un-mediateur\/","title":{"rendered":"Le m\u00e9diateur d\u2019entreprises est d\u00e9sormais appel\u00e9 \u201cpraticien de la r\u00e9organisation\u201d mais il reste un m\u00e9diateur !"},"content":{"rendered":"<span style=\"font-weight: 400\">Les acteurs de la F\u00e9d\u00e9ration Belge de la Franchise soulignent r\u00e9guli\u00e8rement l\u2019avantage de la m\u00e9diation l\u00e0 o\u00f9 les n\u00e9gociations \u00e9chouent.<\/span>\r\n\r\n<span style=\"font-weight: 400\">Dans une <\/span><a href=\"\/?p=50714\" class=\"broken_link\"><span style=\"font-weight: 400\">contribution d\u00e9but 2023<\/span><\/a><span style=\"font-weight: 400\">, nous avions expliqu\u00e9 la diff\u00e9rence entre, d\u2019un c\u00f4t\u00e9, le \u00ab <\/span><b>m\u00e9diateur agr\u00e9\u00e9<\/b><span style=\"font-weight: 400\"> \u00bb, d\u00e9sign\u00e9 conjointement par les parties pour r\u00e9soudre un litige, et, de l\u2019autre, le \u00ab <\/span><b>m\u00e9diateur d\u2019entreprises <\/b><span style=\"font-weight: 400\">\u00bb, nomm\u00e9 \u00e0 la demande unilat\u00e9rale d\u2019une entreprise en difficult\u00e9.<\/span>\r\n\r\n<span style=\"font-weight: 400\">Les m\u00e9diateurs d\u2019entreprises disposent d\u2019une exp\u00e9rience sp\u00e9cifique en mati\u00e8re de droit de l\u2019insolvabilit\u00e9, ce qui les rend particuli\u00e8rement utiles dans le cadre de la restructuration d\u2019entreprises en difficult\u00e9, comme d\u00e9crit dans le Livre XX du Code de droit \u00e9conomique. \u00c0 proprement parler, ce sont des mandataires judiciaires qui, sans trop d\u2019exigences formelles, contribuent au redressement global de l\u2019entreprise, tout en \u00e9tant en mesure d\u2019apporter une solution \u00e0 des litiges individuels.<\/span>\r\n\r\n<span style=\"font-weight: 400\">Par exemple, un m\u00e9diateur d\u2019entreprises peut intervenir \u00e0 la demande d\u2019un franchis\u00e9 en conflit avec son franchiseur, mais qui doit en m\u00eame temps faire face \u00e0 une r\u00e9vocation de ses cr\u00e9dits bancaires, en raison de chiffres d\u2019affaires d\u00e9cevants et d\u2019un probl\u00e8me de liquidit\u00e9s. Le m\u00e9diateur d\u2019entreprises ainsi d\u00e9sign\u00e9 peut non seulement entrer en contact avec le franchiseur pour une m\u00e9diation \u00ab\u00a0classique\u00a0\u00bb (comme le ferait un m\u00e9diateur agr\u00e9\u00e9), mais \u00e9galement s\u2019adresser \u00e0 la banque et m\u00eame \u00e9ventuellement \u00e0 d\u2019autres parties prenantes, comme les employ\u00e9s ou certains fournisseurs. Fort de son mandat \u00ab\u00a0officiel\/judiciaire\u00a0\u00bb, il s\u2019efforce, dans la plus grande confidentialit\u00e9, de concilier les int\u00e9r\u00eats de chacun \u00e0 court terme et de sauver l\u2019entreprise de la faillite.<\/span>\r\n\r\n<span style=\"font-weight: 400\">La d\u00e9signation d\u2019un m\u00e9diateur d\u2019entreprises d\u00e8s les premi\u00e8res difficult\u00e9s, c\u2019est-\u00e0-dire avant qu\u2019il ne soit n\u00e9cessaire de recourir \u00e0 une r\u00e9organisation judiciaire (priv\u00e9e ou collective), est un outil pr\u00e9ventif tr\u00e8s efficace. Toutefois, cet instrument demeure relativement m\u00e9connu et d\u00e9laiss\u00e9, malgr\u00e9 les campagnes d\u2019information r\u00e9guli\u00e8res des tribunaux via les r\u00e9seaux sociaux, les s\u00e9minaires et les sites web (voir la <\/span><a href=\"https:\/\/www.rechtbanken-tribunaux.be\/sites\/default\/files\/media\/orte\/brussel\/documents\/brochure-herstructureringsdeskundige-ondernemingsbemiddeling.pdf\"><span style=\"font-weight: 400\">note pratique du Tribunal de l\u2019entreprise n\u00e9erlandophone de Bruxelles accompagn\u00e9e d\u2019un projet de requ\u00eate<\/span><\/a><span style=\"font-weight: 400\">).<\/span>\r\n\r\n<span style=\"font-weight: 400\">Avec la loi du 7 juin 2023 transposant la directive Restructuration (1), entr\u00e9e en vigueur le 1er septembre 2023, le l\u00e9gislateur belge a d\u00e9cid\u00e9 que la figure du \u00ab\u00a0praticien de la r\u00e9organisation\u00a0\u00bb (\u201cherstructureringsdeskundige \u201d) de la directive Restructuration serait d\u00e9sormais reprise dans notre\u00a0 Code de droit \u00e9conomique (Livre XX), en reprenant une d\u00e9finition quasi identique \u00e0 celle prescrite par cette directive.<\/span>\r\n\r\n<span style=\"font-weight: 400\">Le <\/span><b>praticien de la r\u00e9organisation<\/b><span style=\"font-weight: 400\"> est un mandataire judiciaire d\u00e9sign\u00e9 par le tribunal de l\u2019insolvabilit\u00e9 pour accomplir notamment les missions suivantes (article I.23 7\u00b0\/01 CDE) :\u00a0<\/span>\r\n<ol>\r\n \t<li style=\"font-weight: 400\"><b>assister<\/b><span style=\"font-weight: 400\"> le d\u00e9biteur ou les cr\u00e9anciers dans l\u2019\u00e9laboration ou la n\u00e9gociation d\u2019un plan de r\u00e9organisation ;<\/span><\/li>\r\n \t<li style=\"font-weight: 400\"><b>surveiller<\/b><span style=\"font-weight: 400\"> les activit\u00e9s du d\u00e9biteur pendant les n\u00e9gociations du plan et en <\/span><b>faire rapport<\/b><span style=\"font-weight: 400\"> au tribunal ;<\/span><\/li>\r\n \t<li style=\"font-weight: 400\"><b>exercer<\/b><span style=\"font-weight: 400\">, sans dessaisissement, <\/span><b>un contr\u00f4le partiel sur les actifs ou les biens<\/b><span style=\"font-weight: 400\"> du d\u00e9biteur avant ou pendant les n\u00e9gociations d\u2019une r\u00e9organisation judiciaire.<\/span><\/li>\r\n<\/ol>\r\n<span style=\"font-weight: 400\">Comme vous pouvez le constater, cette d\u00e9finition reprend les missions anciennement exerc\u00e9es par les \u00ab mandataires de justice \u00bb ou, auparavant, les \u00ab commissaires au sursis\u00a0 \u00bb, d\u00e9sormais remplac\u00e9s par le praticien de la r\u00e9organisation.<\/span>\r\n\r\n<span style=\"font-weight: 400\">\u00a0<\/span><span style=\"font-weight: 400\">Cependant, cette d\u00e9finition ne reprend pas la mission essentielle du praticien de la r\u00e9organisation, \u00e0 savoir son r\u00f4le de <\/span><b>m\u00e9diateur d\u2019entreprises<\/b><span style=\"font-weight: 400\">. C\u2019est regrettable car la d\u00e9finition du Livre I CDE nous laisse penser, \u00e0 tort, que la m\u00e9diation d\u2019entreprises aurait disparu&#8230; jusqu\u2019\u00e0 retrouver la notion \u00ab\u00a0<\/span><span style=\"font-weight: 400\">M\u00e9diation d\u2019entreprises<\/span><span style=\"font-weight: 400\">\u00a0\u00bb, au Chapitre 2, Section 3 du Livre XX.\u00a0<\/span>\r\n\r\n<span style=\"font-weight: 400\">Toutefois, l\u2019article XX.29\/2 du Code de droit \u00e9conomique d\u00e9crit le r\u00f4le du m\u00e9diateur d\u2019entreprises et pr\u00e9cise qu\u2019\u00e0 la demande du d\u00e9biteur, la Chambre des entreprises en difficult\u00e9 (CED) peut d\u00e9signer un praticien de la r\u00e9organisation (c\u2019est-\u00e0-dire un m\u00e9diateur d\u2019entreprises) pour faciliter le <\/span><span style=\"font-weight: 400\">redressement de l\u2019entreprise<\/span><span style=\"font-weight: 400\">. Cet article pr\u00e9cise \u00e9galement que tant la <\/span><span style=\"font-weight: 400\">mission de m\u00e9diation<\/span><span style=\"font-weight: 400\"> que les rapports du praticien de la r\u00e9organisation (m\u00e9diateur d\u2019entreprises) sont confidentiels.<\/span>\r\n\r\n<span style=\"font-weight: 400\">Il convient \u00e9galement de noter que le m\u00e9diateur d\u2019entreprises peut \u00eatre d\u00e9sign\u00e9 par la CED, en vertu de l\u2019article XX.29\/2 CDE, ou, dans certains cas (lorsque la CED ne peut si\u00e9ger \u00e0 temps), par le pr\u00e9sident du tribunal de l\u2019entreprise en situation d\u2019extr\u00eame urgence, conform\u00e9ment \u00e0 l\u2019article 584 du Code judiciaire.<\/span>\r\n\r\n<span style=\"font-weight: 400\">\u00a0<\/span><b>Conclusion :<\/b><span style=\"font-weight: 400\"> En renommant le \u00ab m\u00e9diateur d\u2019entreprises \u00bb en \u00ab praticien de la r\u00e9organisation \u00bb, il n\u2019est pas \u00e9tonnant que les entreprises et les praticiens du droit se perdent dans les m\u00e9andres du Code de droit \u00e9conomique. Toutefois, le m\u00e9diateur d\u2019entreprises existe toujours et demeure tr\u00e8s utile en cas de pr\u00e9-insolvabilit\u00e9, bien qu\u2019il porte d\u00e9sormais le nom de \u00ab praticien de la r\u00e9organisation\u00bb. Dans une phase ult\u00e9rieure d\u2019insolvabilit\u00e9, ce dernier peut se voir confier d\u2019autres missions telles que l\u2019assistance \u00e0 l\u2019\u00e9laboration du plan de r\u00e9organisation, la supervision des activit\u00e9s du d\u00e9biteur et, parfois, un contr\u00f4le partiel des actifs. Il serait souhaitable que le l\u00e9gislateur, dans le cadre d\u2019une prochaine r\u00e9forme, revienne \u00e0 la terminologie claire et didactique de \u00ab m\u00e9diateur d\u2019entreprises \u00bb pour d\u00e9signer le praticien de la r\u00e9organisation, charg\u00e9 sp\u00e9cifiquement de la m\u00e9diation d\u2019entreprises, conform\u00e9ment \u00e0 l\u2019article XX.29\/2 CDE.<\/span>\r\n\r\n&nbsp;\r\n\r\nBenoit Simpelaere &#8211; Flinn Law\r\n\r\n<span style=\"font-weight: 400\">(1) Directive (UE) 2019\/1023 : Directive (UE) 2019\/1023 du Parlement europ\u00e9en et du Conseil du 20 juin 2019 relative aux cadres de restructuration pr\u00e9ventive, \u00e0 la remise de dettes et aux d\u00e9ch\u00e9ances, et aux mesures \u00e0 prendre pour augmenter l&rsquo;efficacit\u00e9 des proc\u00e9dures en mati\u00e8re de restructuration, d&rsquo;insolvabilit\u00e9 et de remise de dettes, et modifiant la directive (UE) 2017\/1132.<\/span>","protected":false},"excerpt":{"rendered":"<p>Les acteurs de la F\u00e9d\u00e9ration Belge de la Franchise soulignent r\u00e9guli\u00e8rement l\u2019avantage de la m\u00e9diation l\u00e0 o\u00f9 les n\u00e9gociations \u00e9chouent.<\/p>\n<p>Dans une contribution d\u00e9but 2023, nous avions expliqu\u00e9 la diff\u00e9rence entre, d\u2019un c\u00f4t\u00e9, le \u00ab m\u00e9diateur agr\u00e9\u00e9 \u00bb, d\u00e9sign\u00e9 conjointement par les parties pour r\u00e9soudre un litige, et, de &#8230;<\/p>\n","protected":false},"author":1,"featured_media":20446,"comment_status":"closed","ping_status":"open","sticky":false,"template":"","format":"standard","meta":{"ngg_post_thumbnail":0,"footnotes":""},"categories":[46,51,52],"tags":[],"acf":[],"yoast_head":"<!-- This site is optimized with the Yoast SEO plugin v23.5 - https:\/\/yoast.com\/wordpress\/plugins\/seo\/ -->\n<title>Le m\u00e9diateur d\u2019entreprises est d\u00e9sormais appel\u00e9 \u201cpraticien de la r\u00e9organisation\u201d mais il reste un m\u00e9diateur ! - F\u00e9d\u00e9ration Belge de la Franchise<\/title>\n<meta name=\"robots\" content=\"index, follow, max-snippet:-1, max-image-preview:large, max-video-preview:-1\" \/>\n<link rel=\"canonical\" href=\"https:\/\/www.fbf-bff.be\/fr\/le-mediateur-dentreprises-est-desormais-appele-praticien-de-la-reorganisation-mais-il-reste-un-mediateur\/\" \/>\n<meta property=\"og:locale\" content=\"fr_FR\" \/>\n<meta property=\"og:type\" content=\"article\" \/>\n<meta property=\"og:title\" content=\"Le m\u00e9diateur d\u2019entreprises est d\u00e9sormais appel\u00e9 \u201cpraticien de la r\u00e9organisation\u201d mais il reste un m\u00e9diateur ! - F\u00e9d\u00e9ration Belge de la Franchise\" \/>\n<meta property=\"og:description\" content=\"Les acteurs de la F\u00e9d\u00e9ration Belge de la Franchise soulignent r\u00e9guli\u00e8rement l\u2019avantage de la m\u00e9diation l\u00e0 o\u00f9 les n\u00e9gociations \u00e9chouent.  Dans une contribution d\u00e9but 2023, nous avions expliqu\u00e9 la diff\u00e9rence entre, d\u2019un c\u00f4t\u00e9, le \u00ab m\u00e9diateur agr\u00e9\u00e9 \u00bb, d\u00e9sign\u00e9 conjointement par les parties pour r\u00e9soudre un litige, et, de ...\" \/>\n<meta property=\"og:url\" content=\"https:\/\/www.fbf-bff.be\/fr\/le-mediateur-dentreprises-est-desormais-appele-praticien-de-la-reorganisation-mais-il-reste-un-mediateur\/\" \/>\n<meta property=\"og:site_name\" content=\"F\u00e9d\u00e9ration Belge de la Franchise\" \/>\n<meta property=\"article:published_time\" content=\"2025-01-29T09:57:28+00:00\" \/>\n<meta property=\"article:modified_time\" content=\"2026-04-08T23:00:36+00:00\" \/>\n<meta property=\"og:image\" content=\"https:\/\/www.fbf-bff.be\/wp-content\/uploads\/2025\/02\/Benoit-SIMPELAERE-e1740395006414.jpg\" \/>\n\t<meta property=\"og:image:width\" content=\"2319\" \/>\n\t<meta property=\"og:image:height\" content=\"1712\" \/>\n\t<meta property=\"og:image:type\" content=\"image\/jpeg\" \/>\n<meta name=\"author\" content=\"fbf_admin\" \/>\n<meta name=\"twitter:card\" content=\"summary_large_image\" \/>\n<meta name=\"twitter:label1\" content=\"\u00c9crit par\" \/>\n\t<meta name=\"twitter:data1\" content=\"fbf_admin\" \/>\n\t<meta name=\"twitter:label2\" content=\"Dur\u00e9e de lecture estim\u00e9e\" \/>\n\t<meta name=\"twitter:data2\" content=\"5 minutes\" \/>\n<script type=\"application\/ld+json\" class=\"yoast-schema-graph\">{\"@context\":\"https:\/\/schema.org\",\"@graph\":[{\"@type\":\"WebPage\",\"@id\":\"https:\/\/www.fbf-bff.be\/fr\/le-mediateur-dentreprises-est-desormais-appele-praticien-de-la-reorganisation-mais-il-reste-un-mediateur\/\",\"url\":\"https:\/\/www.fbf-bff.be\/fr\/le-mediateur-dentreprises-est-desormais-appele-praticien-de-la-reorganisation-mais-il-reste-un-mediateur\/\",\"name\":\"Le m\u00e9diateur d\u2019entreprises est d\u00e9sormais appel\u00e9 \u201cpraticien de la r\u00e9organisation\u201d mais il reste un m\u00e9diateur ! - F\u00e9d\u00e9ration Belge de la Franchise\",\"isPartOf\":{\"@id\":\"https:\/\/www.fbf-bff.be\/#website\"},\"primaryImageOfPage\":{\"@id\":\"https:\/\/www.fbf-bff.be\/fr\/le-mediateur-dentreprises-est-desormais-appele-praticien-de-la-reorganisation-mais-il-reste-un-mediateur\/#primaryimage\"},\"image\":{\"@id\":\"https:\/\/www.fbf-bff.be\/fr\/le-mediateur-dentreprises-est-desormais-appele-praticien-de-la-reorganisation-mais-il-reste-un-mediateur\/#primaryimage\"},\"thumbnailUrl\":\"https:\/\/www.fbf-bff.be\/wp-content\/uploads\/2025\/02\/Benoit-SIMPELAERE-e1740395006414.jpg\",\"datePublished\":\"2025-01-29T09:57:28+00:00\",\"dateModified\":\"2026-04-08T23:00:36+00:00\",\"author\":{\"@id\":\"https:\/\/www.fbf-bff.be\/#\/schema\/person\/73a9cbee87288cba2b06e3fc29244fe7\"},\"breadcrumb\":{\"@id\":\"https:\/\/www.fbf-bff.be\/fr\/le-mediateur-dentreprises-est-desormais-appele-praticien-de-la-reorganisation-mais-il-reste-un-mediateur\/#breadcrumb\"},\"inLanguage\":\"fr-FR\",\"potentialAction\":[{\"@type\":\"ReadAction\",\"target\":[\"https:\/\/www.fbf-bff.be\/fr\/le-mediateur-dentreprises-est-desormais-appele-praticien-de-la-reorganisation-mais-il-reste-un-mediateur\/\"]}]},{\"@type\":\"ImageObject\",\"inLanguage\":\"fr-FR\",\"@id\":\"https:\/\/www.fbf-bff.be\/fr\/le-mediateur-dentreprises-est-desormais-appele-praticien-de-la-reorganisation-mais-il-reste-un-mediateur\/#primaryimage\",\"url\":\"https:\/\/www.fbf-bff.be\/wp-content\/uploads\/2025\/02\/Benoit-SIMPELAERE-e1740395006414.jpg\",\"contentUrl\":\"https:\/\/www.fbf-bff.be\/wp-content\/uploads\/2025\/02\/Benoit-SIMPELAERE-e1740395006414.jpg\",\"width\":2319,\"height\":1712},{\"@type\":\"BreadcrumbList\",\"@id\":\"https:\/\/www.fbf-bff.be\/fr\/le-mediateur-dentreprises-est-desormais-appele-praticien-de-la-reorganisation-mais-il-reste-un-mediateur\/#breadcrumb\",\"itemListElement\":[{\"@type\":\"ListItem\",\"position\":1,\"name\":\"Home\",\"item\":\"https:\/\/www.fbf-bff.be\/fr\/\"},{\"@type\":\"ListItem\",\"position\":2,\"name\":\"Le m\u00e9diateur d\u2019entreprises est d\u00e9sormais appel\u00e9 \u201cpraticien de la r\u00e9organisation\u201d mais il reste un m\u00e9diateur !\"}]},{\"@type\":\"WebSite\",\"@id\":\"https:\/\/www.fbf-bff.be\/#website\",\"url\":\"https:\/\/www.fbf-bff.be\/\",\"name\":\"F\u00e9d\u00e9ration Belge de la Franchise\",\"description\":\"Pour r\u00e9ussir ensemblee\",\"potentialAction\":[{\"@type\":\"SearchAction\",\"target\":{\"@type\":\"EntryPoint\",\"urlTemplate\":\"https:\/\/www.fbf-bff.be\/?s={search_term_string}\"},\"query-input\":{\"@type\":\"PropertyValueSpecification\",\"valueRequired\":true,\"valueName\":\"search_term_string\"}}],\"inLanguage\":\"fr-FR\"},{\"@type\":\"Person\",\"@id\":\"https:\/\/www.fbf-bff.be\/#\/schema\/person\/73a9cbee87288cba2b06e3fc29244fe7\",\"name\":\"fbf_admin\",\"image\":{\"@type\":\"ImageObject\",\"inLanguage\":\"fr-FR\",\"@id\":\"https:\/\/www.fbf-bff.be\/#\/schema\/person\/image\/\",\"url\":\"https:\/\/secure.gravatar.com\/avatar\/20f6483dbe2a69e0999ddcdd1744b7f7?s=96&d=mm&r=g\",\"contentUrl\":\"https:\/\/secure.gravatar.com\/avatar\/20f6483dbe2a69e0999ddcdd1744b7f7?s=96&d=mm&r=g\",\"caption\":\"fbf_admin\"}}]}<\/script>\n<!-- \/ Yoast SEO plugin. -->","yoast_head_json":{"title":"Le m\u00e9diateur d\u2019entreprises est d\u00e9sormais appel\u00e9 \u201cpraticien de la r\u00e9organisation\u201d mais il reste un m\u00e9diateur ! - F\u00e9d\u00e9ration Belge de la Franchise","robots":{"index":"index","follow":"follow","max-snippet":"max-snippet:-1","max-image-preview":"max-image-preview:large","max-video-preview":"max-video-preview:-1"},"canonical":"https:\/\/www.fbf-bff.be\/fr\/le-mediateur-dentreprises-est-desormais-appele-praticien-de-la-reorganisation-mais-il-reste-un-mediateur\/","og_locale":"fr_FR","og_type":"article","og_title":"Le m\u00e9diateur d\u2019entreprises est d\u00e9sormais appel\u00e9 \u201cpraticien de la r\u00e9organisation\u201d mais il reste un m\u00e9diateur ! - F\u00e9d\u00e9ration Belge de la Franchise","og_description":"Les acteurs de la F\u00e9d\u00e9ration Belge de la Franchise soulignent r\u00e9guli\u00e8rement l\u2019avantage de la m\u00e9diation l\u00e0 o\u00f9 les n\u00e9gociations \u00e9chouent.  Dans une contribution d\u00e9but 2023, nous avions expliqu\u00e9 la diff\u00e9rence entre, d\u2019un c\u00f4t\u00e9, le \u00ab m\u00e9diateur agr\u00e9\u00e9 \u00bb, d\u00e9sign\u00e9 conjointement par les parties pour r\u00e9soudre un litige, et, de ...","og_url":"https:\/\/www.fbf-bff.be\/fr\/le-mediateur-dentreprises-est-desormais-appele-praticien-de-la-reorganisation-mais-il-reste-un-mediateur\/","og_site_name":"F\u00e9d\u00e9ration Belge de la Franchise","article_published_time":"2025-01-29T09:57:28+00:00","article_modified_time":"2026-04-08T23:00:36+00:00","og_image":[{"width":2319,"height":1712,"url":"https:\/\/www.fbf-bff.be\/wp-content\/uploads\/2025\/02\/Benoit-SIMPELAERE-e1740395006414.jpg","type":"image\/jpeg"}],"author":"fbf_admin","twitter_card":"summary_large_image","twitter_misc":{"\u00c9crit par":"fbf_admin","Dur\u00e9e de lecture estim\u00e9e":"5 minutes"},"schema":{"@context":"https:\/\/schema.org","@graph":[{"@type":"WebPage","@id":"https:\/\/www.fbf-bff.be\/fr\/le-mediateur-dentreprises-est-desormais-appele-praticien-de-la-reorganisation-mais-il-reste-un-mediateur\/","url":"https:\/\/www.fbf-bff.be\/fr\/le-mediateur-dentreprises-est-desormais-appele-praticien-de-la-reorganisation-mais-il-reste-un-mediateur\/","name":"Le m\u00e9diateur d\u2019entreprises est d\u00e9sormais appel\u00e9 \u201cpraticien de la r\u00e9organisation\u201d mais il reste un m\u00e9diateur ! - F\u00e9d\u00e9ration Belge de la Franchise","isPartOf":{"@id":"https:\/\/www.fbf-bff.be\/#website"},"primaryImageOfPage":{"@id":"https:\/\/www.fbf-bff.be\/fr\/le-mediateur-dentreprises-est-desormais-appele-praticien-de-la-reorganisation-mais-il-reste-un-mediateur\/#primaryimage"},"image":{"@id":"https:\/\/www.fbf-bff.be\/fr\/le-mediateur-dentreprises-est-desormais-appele-praticien-de-la-reorganisation-mais-il-reste-un-mediateur\/#primaryimage"},"thumbnailUrl":"https:\/\/www.fbf-bff.be\/wp-content\/uploads\/2025\/02\/Benoit-SIMPELAERE-e1740395006414.jpg","datePublished":"2025-01-29T09:57:28+00:00","dateModified":"2026-04-08T23:00:36+00:00","author":{"@id":"https:\/\/www.fbf-bff.be\/#\/schema\/person\/73a9cbee87288cba2b06e3fc29244fe7"},"breadcrumb":{"@id":"https:\/\/www.fbf-bff.be\/fr\/le-mediateur-dentreprises-est-desormais-appele-praticien-de-la-reorganisation-mais-il-reste-un-mediateur\/#breadcrumb"},"inLanguage":"fr-FR","potentialAction":[{"@type":"ReadAction","target":["https:\/\/www.fbf-bff.be\/fr\/le-mediateur-dentreprises-est-desormais-appele-praticien-de-la-reorganisation-mais-il-reste-un-mediateur\/"]}]},{"@type":"ImageObject","inLanguage":"fr-FR","@id":"https:\/\/www.fbf-bff.be\/fr\/le-mediateur-dentreprises-est-desormais-appele-praticien-de-la-reorganisation-mais-il-reste-un-mediateur\/#primaryimage","url":"https:\/\/www.fbf-bff.be\/wp-content\/uploads\/2025\/02\/Benoit-SIMPELAERE-e1740395006414.jpg","contentUrl":"https:\/\/www.fbf-bff.be\/wp-content\/uploads\/2025\/02\/Benoit-SIMPELAERE-e1740395006414.jpg","width":2319,"height":1712},{"@type":"BreadcrumbList","@id":"https:\/\/www.fbf-bff.be\/fr\/le-mediateur-dentreprises-est-desormais-appele-praticien-de-la-reorganisation-mais-il-reste-un-mediateur\/#breadcrumb","itemListElement":[{"@type":"ListItem","position":1,"name":"Home","item":"https:\/\/www.fbf-bff.be\/fr\/"},{"@type":"ListItem","position":2,"name":"Le m\u00e9diateur d\u2019entreprises est d\u00e9sormais appel\u00e9 \u201cpraticien de la r\u00e9organisation\u201d mais il reste un m\u00e9diateur !"}]},{"@type":"WebSite","@id":"https:\/\/www.fbf-bff.be\/#website","url":"https:\/\/www.fbf-bff.be\/","name":"F\u00e9d\u00e9ration Belge de la Franchise","description":"Pour r\u00e9ussir ensemblee","potentialAction":[{"@type":"SearchAction","target":{"@type":"EntryPoint","urlTemplate":"https:\/\/www.fbf-bff.be\/?s={search_term_string}"},"query-input":{"@type":"PropertyValueSpecification","valueRequired":true,"valueName":"search_term_string"}}],"inLanguage":"fr-FR"},{"@type":"Person","@id":"https:\/\/www.fbf-bff.be\/#\/schema\/person\/73a9cbee87288cba2b06e3fc29244fe7","name":"fbf_admin","image":{"@type":"ImageObject","inLanguage":"fr-FR","@id":"https:\/\/www.fbf-bff.be\/#\/schema\/person\/image\/","url":"https:\/\/secure.gravatar.com\/avatar\/20f6483dbe2a69e0999ddcdd1744b7f7?s=96&d=mm&r=g","contentUrl":"https:\/\/secure.gravatar.com\/avatar\/20f6483dbe2a69e0999ddcdd1744b7f7?s=96&d=mm&r=g","caption":"fbf_admin"}}]}},"_links":{"self":[{"href":"https:\/\/www.fbf-bff.be\/fr\/wp-json\/wp\/v2\/posts\/20224"}],"collection":[{"href":"https:\/\/www.fbf-bff.be\/fr\/wp-json\/wp\/v2\/posts"}],"about":[{"href":"https:\/\/www.fbf-bff.be\/fr\/wp-json\/wp\/v2\/types\/post"}],"author":[{"embeddable":true,"href":"https:\/\/www.fbf-bff.be\/fr\/wp-json\/wp\/v2\/users\/1"}],"replies":[{"embeddable":true,"href":"https:\/\/www.fbf-bff.be\/fr\/wp-json\/wp\/v2\/comments?post=20224"}],"version-history":[{"count":2,"href":"https:\/\/www.fbf-bff.be\/fr\/wp-json\/wp\/v2\/posts\/20224\/revisions"}],"predecessor-version":[{"id":20420,"href":"https:\/\/www.fbf-bff.be\/fr\/wp-json\/wp\/v2\/posts\/20224\/revisions\/20420"}],"wp:featuredmedia":[{"embeddable":true,"href":"https:\/\/www.fbf-bff.be\/fr\/wp-json\/wp\/v2\/media\/20446"}],"wp:attachment":[{"href":"https:\/\/www.fbf-bff.be\/fr\/wp-json\/wp\/v2\/media?parent=20224"}],"wp:term":[{"taxonomy":"category","embeddable":true,"href":"https:\/\/www.fbf-bff.be\/fr\/wp-json\/wp\/v2\/categories?post=20224"},{"taxonomy":"post_tag","embeddable":true,"href":"https:\/\/www.fbf-bff.be\/fr\/wp-json\/wp\/v2\/tags?post=20224"}],"curies":[{"name":"wp","href":"https:\/\/api.w.org\/{rel}","templated":true}]}}