{"id":19409,"date":"2024-11-06T12:38:49","date_gmt":"2024-11-06T11:38:49","guid":{"rendered":"https:\/\/www.fbf-bff.be\/un-franchise-satisfait-de-spar-colruyt-group\/"},"modified":"2026-04-09T01:00:33","modified_gmt":"2026-04-08T23:00:33","slug":"un-franchise-satisfait-de-spar-colruyt-group","status":"publish","type":"post","link":"https:\/\/www.fbf-bff.be\/fr\/un-franchise-satisfait-de-spar-colruyt-group\/","title":{"rendered":"Un franchis\u00e9 satisfait de Spar Colruyt Group"},"content":{"rendered":"<p style=\"font-weight: 400\"><strong>Alexandre Cerone et son p\u00e8re Pasquale ont plong\u00e9 dans l\u2019aventure\u00a0<a href=\"\/?p=39371\" saferedirecturl=\"https:\/\/www.google.com\/url?q=https:\/\/franchisingbelgium.be\/franchises\/spar\/&amp;source=gmail&amp;ust=1730977648147000&amp;usg=AOvVaw0cRgLL_F8TUjLlNlQ2fHKp\" class=\"broken_link\">Spar<\/a>\u00a0Colruyt Group avec la gestion d\u2019un magasin situ\u00e9 \u00e0 Ressaix, \u00e0 c\u00f4t\u00e9 de Binche. \u201cAu-del\u00e0 de l\u2019accompagnement complet avant l\u2019ouverture, Retail Partners Colruyt Group s\u2019inscrit surtout comme un partenaire fiable et fid\u00e8le \u00e0 chaque instant\u201d, estime le tandem d\u2019entrepreneurs.<\/strong><\/p>\r\n<p style=\"font-weight: 400\">Alexandre, accompagn\u00e9 par la suite de toute sa famille, a litt\u00e9ralement fait le grand saut en ouvrant, d\u00e9but 2021, un magasin franchis\u00e9 de l\u2019enseigne Spar Colruyt Group situ\u00e9e \u00e0 Ressaix, pr\u00e8s de Binche. On ne parle pas seulement de la p\u00e9riode mouvement\u00e9e de la crise sanitaire, mais surtout du virage \u00e0 180 degr\u00e9s qu\u2019a op\u00e9r\u00e9 la famille Cerone, en quittant\u00a0<a href=\"\/?p=53437\" saferedirecturl=\"https:\/\/www.google.com\/url?q=https:\/\/franchisingbelgium.be\/secteurs\/supermarches\/&amp;source=gmail&amp;ust=1730977648147000&amp;usg=AOvVaw0IKN9pjk-w-jR7NSDIDGYq\" class=\"broken_link\">une enseigne des supermarch\u00e9<\/a>\u00a0concurrente pour rejoindre Retail Partners Colruyt Group. Le nouveau b\u00e9b\u00e9 ? Un Spar Colruyt Group d\u2019une surface de 750 m\u00e8tres carr\u00e9s pour une dizaine d\u2019employ\u00e9s. \u201cJ\u2019avais pas mal travaill\u00e9 dans l\u2019ancien magasin de mon p\u00e8re, d\u2019abord en tant qu\u2019\u00e9tudiant, avant de gravir peu \u00e0 peu les \u00e9chelons\u201d, \u00e9voque Alexandre Cerone. En 2020, celui qui peut se targuer d\u2019\u00eatre, \u00e0 24 ans, le plus jeune ind\u00e9pendant \u00e0 la t\u00eate d\u2019un Spar Colruyt Group, entame une formation de six mois. Cette formation, intense et compl\u00e8te, est autant ax\u00e9e sur le recrutement que le planning financier ou encore les nombreuses visites dans les magasins, qui forment clairement au terrain. \u201cM\u00eame si j\u2019avais d\u00e9j\u00e0 quelques ann\u00e9es d\u2019exp\u00e9rience dans le magasin de mon papa, la formation offerte par Retail Partners Colruyt Group \u00e9tait indispensable pour avoir toutes les armes pour d\u00e9marrer l\u2019aventure\u201d, poursuit Alexandre.<\/p>\r\n\r\n<h2 style=\"font-weight: 400\"><strong>\u2018\u2018Nous voulions travailler pour une enseigne belge\u2019\u2019<\/strong><\/h2>\r\n<p style=\"font-weight: 400\">C\u2019est apr\u00e8s l\u2019ouverture qu\u2019Alexandre propose \u00e0 son papa, Pasquale, de le rejoindre dans l\u2019aventure, plut\u00f4t en tant que senior business advisor. \u201cAlexandre est tr\u00e8s actif dans l\u2019op\u00e9rationnel et il faut savoir que le magasin est vraiment une affaire de famille, dans le sens o\u00f9 les deux s\u0153urs d\u2019Alexandre, Mathilde et Estelle, apportent \u00e9galement r\u00e9guli\u00e8rement leur aide. Pour nous, l\u2019aventure de ce nouveau Spar est un vrai changement de vie, nous venons \u00e0 l\u2019origine de Walcourt, en r\u00e9gion namuroise.\u201d Mais pourquoi avoir choisi Spar plut\u00f4t qu\u2019une autre enseigne ? \u201cNous souhaitions premi\u00e8rement travailler pour une enseigne belge, en l\u2019occurrence Colruyt. Deuxi\u00e8mement, j\u2019avais la certitude que mon fils b\u00e9n\u00e9ficierait d\u2019un bon accompagnement, ce qui a \u00e9t\u00e9 le cas. Troisi\u00e8mement, l\u2019offre de Spar allie \u00e0 la fois qualit\u00e9 et prix, notamment via ses marques distributeur, qui conna\u00eet un bel engouement. Nous voulions \u00e9galement mettre l\u2019accent sur les produits locaux, ce que Spar nous pousse \u00e0 faire en organisant par exemple des rencontres avec des producteurs locaux.\u201d<\/p>\r\n\r\n<h2 style=\"font-weight: 400\"><strong>\u2018\u2018Apr\u00e8s trois ans, RPCG est toujours l\u00e0\u2019\u2019<\/strong><\/h2>\r\n<p style=\"font-weight: 400\">Plus de trois ans apr\u00e8s l\u2019ouverture, Alexandre se sent confiant et toujours aussi soutenu qu\u2019\u00e0 ses d\u00e9buts.\u00a0 \u201cJe garde contacte avec Spar\u201d, souligne le\u00a0<a href=\"\/?page_id=38677\" saferedirecturl=\"https:\/\/www.google.com\/url?q=https:\/\/franchisingbelgium.be\/devenir-franchise\/&amp;source=gmail&amp;ust=1730977648148000&amp;usg=AOvVaw0DykliCvcwHxkETF59mK8V\" class=\"broken_link\">franchis\u00e9<\/a>. \u201cAu moins une fois par mois, nous avons la visite d\u2019un business advisor et d\u2019autres conseillers. Nous nous rendons parfois \u00e0 la Colruyt Academy \u00e0 Jambes ou au si\u00e8ge \u00e0 Malines. Autre aspect important : nous nous voyons parfois entre franchis\u00e9s, via des voyages d\u2019\u00e9tudes par exemple, ce qui permet d\u2019\u00e9changer sur nos exp\u00e9riences respectives.\u201d<\/p>\r\n<p style=\"font-weight: 400\">\u201cM\u00eame si j\u2019avais d\u00e9j\u00e0 quelques ann\u00e9es d\u2019exp\u00e9rience dans le magasin de mon papa, la formation offerte par Retail Partners Colruyt Group \u00e9tait indispensable pour avoir toutes les armes pour d\u00e9marrer l\u2019aventure.\u201d<\/p>\r\n\r\n\r\n<div id=\"attachment_54712\" style=\"width: 460px\" class=\"wp-caption alignnone\"><img loading=\"lazy\" decoding=\"async\" aria-describedby=\"caption-attachment-54712\" class=\"wp-image-54712 size-full\" src=\"https:\/\/www.fbf-bff.be\/wp-content\/uploads\/2024\/11\/Alexandre_Cerone_Spar.png\" alt=\"Alexandre Cerone Spar\" width=\"450\" height=\"300\" \/><p id=\"caption-attachment-54712\" class=\"wp-caption-text\">Alexandre Cerone Spar<\/p><\/div>\r\n<h2 style=\"font-weight: 400\"><strong>\u2018\u2018RPCG ne prend jamais une d\u00e9cision qui fragilisera l\u2019ind\u00e9pendant\u2019\u2019<\/strong><\/h2>\r\n<p style=\"font-weight: 400\">Aujourd\u2019hui, Alexandre est loin de regretter son choix. \u201cDepuis le d\u00e9but, j\u2019ai toujours senti qu\u2019il y avait un \u00e9quilibre win-win, dans le sens o\u00f9 RPCG ne prend jamais une d\u00e9cision qui fragilisera l\u2019ind\u00e9pendant. C\u2019est une notion importante dans le sens o\u00f9, de nos jours, la concurrence est rude. Il est n\u00e9cessaire d\u2019\u00eatre bien accompagn\u00e9 pour assurer une certaine rentabilit\u00e9. S\u2019associer avec RPCG, c\u2019est la garantie d\u2019un partenariat fiable. Je pense que Spar est plus adapt\u00e9 aux crises.\u201d<\/p>\r\n<p style=\"font-weight: 400\">Source: Gondola<\/p>\r\n<a href=\"\/?p=39371\" class=\"broken_link\"><img loading=\"lazy\" decoding=\"async\" class=\"alignnone wp-image-54719 size-full\" src=\"https:\/\/www.fbf-bff.be\/wp-content\/uploads\/2024\/11\/SPAR-fr.png\" alt=\"Spar Contact\" width=\"2000\" height=\"600\" \/><\/a>","protected":false},"excerpt":{"rendered":"<p>Alexandre Cerone et son p\u00e8re Pasquale ont plong\u00e9 dans l\u2019aventure\u00a0Spar\u00a0Colruyt Group avec la gestion d\u2019un magasin situ\u00e9 \u00e0 Ressaix, \u00e0 c\u00f4t\u00e9 de Binche. \u201cAu-del\u00e0 de l\u2019accompagnement complet avant l\u2019ouverture, Retail Partners Colruyt Group s\u2019inscrit surtout comme un partenaire fiable et fid\u00e8le \u00e0 chaque instant\u201d, estime le tandem d\u2019entrepreneurs.<br \/>\nAlexandre, accompagn\u00e9 &#8230;<\/p>\n","protected":false},"author":1,"featured_media":19396,"comment_status":"closed","ping_status":"open","sticky":false,"template":"","format":"standard","meta":{"ngg_post_thumbnail":0,"footnotes":""},"categories":[49,46,51],"tags":[],"acf":[],"yoast_head":"<!-- This site is optimized with the Yoast SEO plugin v23.5 - https:\/\/yoast.com\/wordpress\/plugins\/seo\/ -->\n<title>Un franchis\u00e9 satisfait de Spar Colruyt Group - F\u00e9d\u00e9ration Belge de la Franchise<\/title>\n<meta name=\"robots\" content=\"index, follow, max-snippet:-1, max-image-preview:large, max-video-preview:-1\" \/>\n<link rel=\"canonical\" href=\"https:\/\/www.fbf-bff.be\/fr\/un-franchise-satisfait-de-spar-colruyt-group\/\" \/>\n<meta property=\"og:locale\" content=\"fr_FR\" \/>\n<meta property=\"og:type\" content=\"article\" \/>\n<meta property=\"og:title\" content=\"Un franchis\u00e9 satisfait de Spar Colruyt Group - F\u00e9d\u00e9ration Belge de la Franchise\" \/>\n<meta property=\"og:description\" content=\"Alexandre Cerone et son p\u00e8re Pasquale ont plong\u00e9 dans l\u2019aventure\u00a0Spar\u00a0Colruyt Group avec la gestion d\u2019un magasin situ\u00e9 \u00e0 Ressaix, \u00e0 c\u00f4t\u00e9 de Binche. \u201cAu-del\u00e0 de l\u2019accompagnement complet avant l\u2019ouverture, Retail Partners Colruyt Group s\u2019inscrit surtout comme un partenaire fiable et fid\u00e8le \u00e0 chaque instant\u201d, estime le tandem d\u2019entrepreneurs. Alexandre, accompagn\u00e9 ...\" \/>\n<meta property=\"og:url\" content=\"https:\/\/www.fbf-bff.be\/fr\/un-franchise-satisfait-de-spar-colruyt-group\/\" \/>\n<meta property=\"og:site_name\" content=\"F\u00e9d\u00e9ration Belge de la Franchise\" \/>\n<meta property=\"article:published_time\" content=\"2024-11-06T11:38:49+00:00\" \/>\n<meta property=\"article:modified_time\" content=\"2026-04-08T23:00:33+00:00\" \/>\n<meta property=\"og:image\" content=\"https:\/\/www.fbf-bff.be\/wp-content\/uploads\/2024\/11\/Spar.png\" \/>\n\t<meta property=\"og:image:width\" content=\"800\" \/>\n\t<meta property=\"og:image:height\" content=\"420\" \/>\n\t<meta property=\"og:image:type\" content=\"image\/png\" \/>\n<meta name=\"author\" content=\"fbf_admin\" \/>\n<meta name=\"twitter:card\" content=\"summary_large_image\" \/>\n<meta name=\"twitter:label1\" content=\"\u00c9crit par\" \/>\n\t<meta name=\"twitter:data1\" content=\"fbf_admin\" \/>\n\t<meta name=\"twitter:label2\" content=\"Dur\u00e9e de lecture estim\u00e9e\" \/>\n\t<meta name=\"twitter:data2\" content=\"4 minutes\" \/>\n<script type=\"application\/ld+json\" class=\"yoast-schema-graph\">{\"@context\":\"https:\/\/schema.org\",\"@graph\":[{\"@type\":\"WebPage\",\"@id\":\"https:\/\/www.fbf-bff.be\/fr\/un-franchise-satisfait-de-spar-colruyt-group\/\",\"url\":\"https:\/\/www.fbf-bff.be\/fr\/un-franchise-satisfait-de-spar-colruyt-group\/\",\"name\":\"Un franchis\u00e9 satisfait de Spar Colruyt Group - F\u00e9d\u00e9ration Belge de la Franchise\",\"isPartOf\":{\"@id\":\"https:\/\/www.fbf-bff.be\/#website\"},\"primaryImageOfPage\":{\"@id\":\"https:\/\/www.fbf-bff.be\/fr\/un-franchise-satisfait-de-spar-colruyt-group\/#primaryimage\"},\"image\":{\"@id\":\"https:\/\/www.fbf-bff.be\/fr\/un-franchise-satisfait-de-spar-colruyt-group\/#primaryimage\"},\"thumbnailUrl\":\"https:\/\/www.fbf-bff.be\/wp-content\/uploads\/2024\/11\/Spar.png\",\"datePublished\":\"2024-11-06T11:38:49+00:00\",\"dateModified\":\"2026-04-08T23:00:33+00:00\",\"author\":{\"@id\":\"https:\/\/www.fbf-bff.be\/#\/schema\/person\/73a9cbee87288cba2b06e3fc29244fe7\"},\"breadcrumb\":{\"@id\":\"https:\/\/www.fbf-bff.be\/fr\/un-franchise-satisfait-de-spar-colruyt-group\/#breadcrumb\"},\"inLanguage\":\"fr-FR\",\"potentialAction\":[{\"@type\":\"ReadAction\",\"target\":[\"https:\/\/www.fbf-bff.be\/fr\/un-franchise-satisfait-de-spar-colruyt-group\/\"]}]},{\"@type\":\"ImageObject\",\"inLanguage\":\"fr-FR\",\"@id\":\"https:\/\/www.fbf-bff.be\/fr\/un-franchise-satisfait-de-spar-colruyt-group\/#primaryimage\",\"url\":\"https:\/\/www.fbf-bff.be\/wp-content\/uploads\/2024\/11\/Spar.png\",\"contentUrl\":\"https:\/\/www.fbf-bff.be\/wp-content\/uploads\/2024\/11\/Spar.png\",\"width\":800,\"height\":420},{\"@type\":\"BreadcrumbList\",\"@id\":\"https:\/\/www.fbf-bff.be\/fr\/un-franchise-satisfait-de-spar-colruyt-group\/#breadcrumb\",\"itemListElement\":[{\"@type\":\"ListItem\",\"position\":1,\"name\":\"Home\",\"item\":\"https:\/\/www.fbf-bff.be\/fr\/\"},{\"@type\":\"ListItem\",\"position\":2,\"name\":\"Un franchis\u00e9 satisfait de Spar Colruyt Group\"}]},{\"@type\":\"WebSite\",\"@id\":\"https:\/\/www.fbf-bff.be\/#website\",\"url\":\"https:\/\/www.fbf-bff.be\/\",\"name\":\"F\u00e9d\u00e9ration Belge de la Franchise\",\"description\":\"Pour r\u00e9ussir ensemblee\",\"potentialAction\":[{\"@type\":\"SearchAction\",\"target\":{\"@type\":\"EntryPoint\",\"urlTemplate\":\"https:\/\/www.fbf-bff.be\/?s={search_term_string}\"},\"query-input\":{\"@type\":\"PropertyValueSpecification\",\"valueRequired\":true,\"valueName\":\"search_term_string\"}}],\"inLanguage\":\"fr-FR\"},{\"@type\":\"Person\",\"@id\":\"https:\/\/www.fbf-bff.be\/#\/schema\/person\/73a9cbee87288cba2b06e3fc29244fe7\",\"name\":\"fbf_admin\",\"image\":{\"@type\":\"ImageObject\",\"inLanguage\":\"fr-FR\",\"@id\":\"https:\/\/www.fbf-bff.be\/#\/schema\/person\/image\/\",\"url\":\"https:\/\/secure.gravatar.com\/avatar\/20f6483dbe2a69e0999ddcdd1744b7f7?s=96&d=mm&r=g\",\"contentUrl\":\"https:\/\/secure.gravatar.com\/avatar\/20f6483dbe2a69e0999ddcdd1744b7f7?s=96&d=mm&r=g\",\"caption\":\"fbf_admin\"}}]}<\/script>\n<!-- \/ Yoast SEO plugin. -->","yoast_head_json":{"title":"Un franchis\u00e9 satisfait de Spar Colruyt Group - F\u00e9d\u00e9ration Belge de la Franchise","robots":{"index":"index","follow":"follow","max-snippet":"max-snippet:-1","max-image-preview":"max-image-preview:large","max-video-preview":"max-video-preview:-1"},"canonical":"https:\/\/www.fbf-bff.be\/fr\/un-franchise-satisfait-de-spar-colruyt-group\/","og_locale":"fr_FR","og_type":"article","og_title":"Un franchis\u00e9 satisfait de Spar Colruyt Group - F\u00e9d\u00e9ration Belge de la Franchise","og_description":"Alexandre Cerone et son p\u00e8re Pasquale ont plong\u00e9 dans l\u2019aventure\u00a0Spar\u00a0Colruyt Group avec la gestion d\u2019un magasin situ\u00e9 \u00e0 Ressaix, \u00e0 c\u00f4t\u00e9 de Binche. \u201cAu-del\u00e0 de l\u2019accompagnement complet avant l\u2019ouverture, Retail Partners Colruyt Group s\u2019inscrit surtout comme un partenaire fiable et fid\u00e8le \u00e0 chaque instant\u201d, estime le tandem d\u2019entrepreneurs. Alexandre, accompagn\u00e9 ...","og_url":"https:\/\/www.fbf-bff.be\/fr\/un-franchise-satisfait-de-spar-colruyt-group\/","og_site_name":"F\u00e9d\u00e9ration Belge de la Franchise","article_published_time":"2024-11-06T11:38:49+00:00","article_modified_time":"2026-04-08T23:00:33+00:00","og_image":[{"width":800,"height":420,"url":"https:\/\/www.fbf-bff.be\/wp-content\/uploads\/2024\/11\/Spar.png","type":"image\/png"}],"author":"fbf_admin","twitter_card":"summary_large_image","twitter_misc":{"\u00c9crit par":"fbf_admin","Dur\u00e9e de lecture estim\u00e9e":"4 minutes"},"schema":{"@context":"https:\/\/schema.org","@graph":[{"@type":"WebPage","@id":"https:\/\/www.fbf-bff.be\/fr\/un-franchise-satisfait-de-spar-colruyt-group\/","url":"https:\/\/www.fbf-bff.be\/fr\/un-franchise-satisfait-de-spar-colruyt-group\/","name":"Un franchis\u00e9 satisfait de Spar Colruyt Group - F\u00e9d\u00e9ration Belge de la Franchise","isPartOf":{"@id":"https:\/\/www.fbf-bff.be\/#website"},"primaryImageOfPage":{"@id":"https:\/\/www.fbf-bff.be\/fr\/un-franchise-satisfait-de-spar-colruyt-group\/#primaryimage"},"image":{"@id":"https:\/\/www.fbf-bff.be\/fr\/un-franchise-satisfait-de-spar-colruyt-group\/#primaryimage"},"thumbnailUrl":"https:\/\/www.fbf-bff.be\/wp-content\/uploads\/2024\/11\/Spar.png","datePublished":"2024-11-06T11:38:49+00:00","dateModified":"2026-04-08T23:00:33+00:00","author":{"@id":"https:\/\/www.fbf-bff.be\/#\/schema\/person\/73a9cbee87288cba2b06e3fc29244fe7"},"breadcrumb":{"@id":"https:\/\/www.fbf-bff.be\/fr\/un-franchise-satisfait-de-spar-colruyt-group\/#breadcrumb"},"inLanguage":"fr-FR","potentialAction":[{"@type":"ReadAction","target":["https:\/\/www.fbf-bff.be\/fr\/un-franchise-satisfait-de-spar-colruyt-group\/"]}]},{"@type":"ImageObject","inLanguage":"fr-FR","@id":"https:\/\/www.fbf-bff.be\/fr\/un-franchise-satisfait-de-spar-colruyt-group\/#primaryimage","url":"https:\/\/www.fbf-bff.be\/wp-content\/uploads\/2024\/11\/Spar.png","contentUrl":"https:\/\/www.fbf-bff.be\/wp-content\/uploads\/2024\/11\/Spar.png","width":800,"height":420},{"@type":"BreadcrumbList","@id":"https:\/\/www.fbf-bff.be\/fr\/un-franchise-satisfait-de-spar-colruyt-group\/#breadcrumb","itemListElement":[{"@type":"ListItem","position":1,"name":"Home","item":"https:\/\/www.fbf-bff.be\/fr\/"},{"@type":"ListItem","position":2,"name":"Un franchis\u00e9 satisfait de Spar Colruyt Group"}]},{"@type":"WebSite","@id":"https:\/\/www.fbf-bff.be\/#website","url":"https:\/\/www.fbf-bff.be\/","name":"F\u00e9d\u00e9ration Belge de la Franchise","description":"Pour r\u00e9ussir ensemblee","potentialAction":[{"@type":"SearchAction","target":{"@type":"EntryPoint","urlTemplate":"https:\/\/www.fbf-bff.be\/?s={search_term_string}"},"query-input":{"@type":"PropertyValueSpecification","valueRequired":true,"valueName":"search_term_string"}}],"inLanguage":"fr-FR"},{"@type":"Person","@id":"https:\/\/www.fbf-bff.be\/#\/schema\/person\/73a9cbee87288cba2b06e3fc29244fe7","name":"fbf_admin","image":{"@type":"ImageObject","inLanguage":"fr-FR","@id":"https:\/\/www.fbf-bff.be\/#\/schema\/person\/image\/","url":"https:\/\/secure.gravatar.com\/avatar\/20f6483dbe2a69e0999ddcdd1744b7f7?s=96&d=mm&r=g","contentUrl":"https:\/\/secure.gravatar.com\/avatar\/20f6483dbe2a69e0999ddcdd1744b7f7?s=96&d=mm&r=g","caption":"fbf_admin"}}]}},"_links":{"self":[{"href":"https:\/\/www.fbf-bff.be\/fr\/wp-json\/wp\/v2\/posts\/19409"}],"collection":[{"href":"https:\/\/www.fbf-bff.be\/fr\/wp-json\/wp\/v2\/posts"}],"about":[{"href":"https:\/\/www.fbf-bff.be\/fr\/wp-json\/wp\/v2\/types\/post"}],"author":[{"embeddable":true,"href":"https:\/\/www.fbf-bff.be\/fr\/wp-json\/wp\/v2\/users\/1"}],"replies":[{"embeddable":true,"href":"https:\/\/www.fbf-bff.be\/fr\/wp-json\/wp\/v2\/comments?post=19409"}],"version-history":[{"count":1,"href":"https:\/\/www.fbf-bff.be\/fr\/wp-json\/wp\/v2\/posts\/19409\/revisions"}],"predecessor-version":[{"id":19424,"href":"https:\/\/www.fbf-bff.be\/fr\/wp-json\/wp\/v2\/posts\/19409\/revisions\/19424"}],"wp:featuredmedia":[{"embeddable":true,"href":"https:\/\/www.fbf-bff.be\/fr\/wp-json\/wp\/v2\/media\/19396"}],"wp:attachment":[{"href":"https:\/\/www.fbf-bff.be\/fr\/wp-json\/wp\/v2\/media?parent=19409"}],"wp:term":[{"taxonomy":"category","embeddable":true,"href":"https:\/\/www.fbf-bff.be\/fr\/wp-json\/wp\/v2\/categories?post=19409"},{"taxonomy":"post_tag","embeddable":true,"href":"https:\/\/www.fbf-bff.be\/fr\/wp-json\/wp\/v2\/tags?post=19409"}],"curies":[{"name":"wp","href":"https:\/\/api.w.org\/{rel}","templated":true}]}}