{"id":19075,"date":"2024-09-25T13:07:54","date_gmt":"2024-09-25T11:07:54","guid":{"rendered":"https:\/\/www.fbf-bff.be\/belchicken-bientot-en-italie\/"},"modified":"2026-04-09T01:00:32","modified_gmt":"2026-04-08T23:00:32","slug":"belchicken-bientot-en-italie","status":"publish","type":"post","link":"https:\/\/www.fbf-bff.be\/fr\/belchicken-bientot-en-italie\/","title":{"rendered":"Belchicken bient\u00f4t en Italie"},"content":{"rendered":"<span style=\"font-weight: 400\">Le concept de franchise belge \u00ab <\/span><a href=\"\/?p=46317\" class=\"broken_link\"><span style=\"font-weight: 400\">Belchicken<\/span><\/a><span style=\"font-weight: 400\"> \u00bb a franchi une \u00e9tape importante dans son expansion internationale en signant un accord de master franchise avec de nouveaux partenaires en Italie.<\/span>\r\n\r\n<span style=\"font-weight: 400\">Cette \u00e9tape marque l&rsquo;entr\u00e9e de la c\u00e9l\u00e8bre cha\u00eene de restauration rapide belge sur le march\u00e9 italien.<\/span>\r\n\r\n<span style=\"font-weight: 400\">Bient\u00f4t, les Italiens pourront \u00e9galement profiter du poulet croustillant caract\u00e9ristique, des d\u00e9licieux hamburgers et des divers plats d&rsquo;accompagnement qui font la renomm\u00e9e de Belchicken. Les d\u00e9tails sur les premiers emplacements et les dates d&rsquo;ouverture seront annonc\u00e9s prochainement.<\/span>\r\n\r\n<span style=\"font-weight: 400\">\u00ab L&rsquo;expansion en Italie constitue une nouvelle phase passionnante pour Belchicken \u00bb, d\u00e9clare Fevzi Yildirim (CEO de Belchicken). \u00ab Nous sommes impatients de pr\u00e9senter nos produits de qualit\u00e9 et notre excellent service \u00e0 un nouveau public. \u00bb<\/span>\r\n\r\n<span style=\"font-weight: 400\">Cette expansion n&rsquo;est que le d\u00e9but des plans de croissance ambitieux de Belchicken. Notre objectif est d&rsquo;\u00e9tendre rapidement notre pr\u00e9sence en Italie et de faire de Belchicken une cha\u00eene de restauration rapide leader en Europe \u00e0 l&rsquo;avenir. Nous continuons \u00e0 travailler dur pour poursuivre notre croissance internationale et attendons avec impatience de nouvelles opportunit\u00e9s pour partager nos go\u00fbts dans le monde entier.<\/span>\r\n\r\n<a href=\"\/?p=46317\" class=\"broken_link\"><img loading=\"lazy\" decoding=\"async\" class=\"alignnone wp-image-54295 size-full\" src=\"https:\/\/www.fbf-bff.be\/wp-content\/uploads\/2024\/09\/Contact_Belchicken_fr.png\" alt=\"Belchicken Contact Fr\" width=\"512\" height=\"153\" \/><\/a>","protected":false},"excerpt":{"rendered":"<p>Le concept de franchise belge \u00ab Belchicken \u00bb a franchi une \u00e9tape importante dans son expansion internationale en signant un accord de master franchise avec de nouveaux partenaires en Italie.<\/p>\n<p>Cette \u00e9tape marque l&rsquo;entr\u00e9e de la c\u00e9l\u00e8bre cha\u00eene de restauration rapide belge sur le march\u00e9 italien.<\/p>\n<p>Bient\u00f4t, les &#8230;<\/p>\n","protected":false},"author":1,"featured_media":19066,"comment_status":"closed","ping_status":"open","sticky":false,"template":"","format":"standard","meta":{"ngg_post_thumbnail":0,"footnotes":""},"categories":[49,46,51],"tags":[],"acf":[],"yoast_head":"<!-- This site is optimized with the Yoast SEO plugin v23.5 - https:\/\/yoast.com\/wordpress\/plugins\/seo\/ -->\n<title>Belchicken bient\u00f4t en Italie - F\u00e9d\u00e9ration Belge de la Franchise<\/title>\n<meta name=\"robots\" content=\"index, follow, max-snippet:-1, max-image-preview:large, max-video-preview:-1\" \/>\n<link rel=\"canonical\" href=\"https:\/\/www.fbf-bff.be\/fr\/belchicken-bientot-en-italie\/\" \/>\n<meta property=\"og:locale\" content=\"fr_FR\" \/>\n<meta property=\"og:type\" content=\"article\" \/>\n<meta property=\"og:title\" content=\"Belchicken bient\u00f4t en Italie - F\u00e9d\u00e9ration Belge de la Franchise\" \/>\n<meta property=\"og:description\" content=\"Le concept de franchise belge \u00ab Belchicken \u00bb a franchi une \u00e9tape importante dans son expansion internationale en signant un accord de master franchise avec de nouveaux partenaires en Italie.  Cette \u00e9tape marque l&rsquo;entr\u00e9e de la c\u00e9l\u00e8bre cha\u00eene de restauration rapide belge sur le march\u00e9 italien.  Bient\u00f4t, les ...\" \/>\n<meta property=\"og:url\" content=\"https:\/\/www.fbf-bff.be\/fr\/belchicken-bientot-en-italie\/\" \/>\n<meta property=\"og:site_name\" content=\"F\u00e9d\u00e9ration Belge de la Franchise\" \/>\n<meta property=\"article:published_time\" content=\"2024-09-25T11:07:54+00:00\" \/>\n<meta property=\"article:modified_time\" content=\"2026-04-08T23:00:32+00:00\" \/>\n<meta property=\"og:image\" content=\"https:\/\/www.fbf-bff.be\/wp-content\/uploads\/2024\/09\/Italy.jpg\" \/>\n\t<meta property=\"og:image:width\" content=\"1080\" \/>\n\t<meta property=\"og:image:height\" content=\"1080\" \/>\n\t<meta property=\"og:image:type\" content=\"image\/jpeg\" \/>\n<meta name=\"author\" content=\"fbf_admin\" \/>\n<meta name=\"twitter:card\" content=\"summary_large_image\" \/>\n<meta name=\"twitter:label1\" content=\"\u00c9crit par\" \/>\n\t<meta name=\"twitter:data1\" content=\"fbf_admin\" \/>\n\t<meta name=\"twitter:label2\" content=\"Dur\u00e9e de lecture estim\u00e9e\" \/>\n\t<meta name=\"twitter:data2\" content=\"1 minute\" \/>\n<script type=\"application\/ld+json\" class=\"yoast-schema-graph\">{\"@context\":\"https:\/\/schema.org\",\"@graph\":[{\"@type\":\"WebPage\",\"@id\":\"https:\/\/www.fbf-bff.be\/fr\/belchicken-bientot-en-italie\/\",\"url\":\"https:\/\/www.fbf-bff.be\/fr\/belchicken-bientot-en-italie\/\",\"name\":\"Belchicken bient\u00f4t en Italie - F\u00e9d\u00e9ration Belge de la Franchise\",\"isPartOf\":{\"@id\":\"https:\/\/www.fbf-bff.be\/#website\"},\"primaryImageOfPage\":{\"@id\":\"https:\/\/www.fbf-bff.be\/fr\/belchicken-bientot-en-italie\/#primaryimage\"},\"image\":{\"@id\":\"https:\/\/www.fbf-bff.be\/fr\/belchicken-bientot-en-italie\/#primaryimage\"},\"thumbnailUrl\":\"https:\/\/www.fbf-bff.be\/wp-content\/uploads\/2024\/09\/Italy.jpg\",\"datePublished\":\"2024-09-25T11:07:54+00:00\",\"dateModified\":\"2026-04-08T23:00:32+00:00\",\"author\":{\"@id\":\"https:\/\/www.fbf-bff.be\/#\/schema\/person\/73a9cbee87288cba2b06e3fc29244fe7\"},\"breadcrumb\":{\"@id\":\"https:\/\/www.fbf-bff.be\/fr\/belchicken-bientot-en-italie\/#breadcrumb\"},\"inLanguage\":\"fr-FR\",\"potentialAction\":[{\"@type\":\"ReadAction\",\"target\":[\"https:\/\/www.fbf-bff.be\/fr\/belchicken-bientot-en-italie\/\"]}]},{\"@type\":\"ImageObject\",\"inLanguage\":\"fr-FR\",\"@id\":\"https:\/\/www.fbf-bff.be\/fr\/belchicken-bientot-en-italie\/#primaryimage\",\"url\":\"https:\/\/www.fbf-bff.be\/wp-content\/uploads\/2024\/09\/Italy.jpg\",\"contentUrl\":\"https:\/\/www.fbf-bff.be\/wp-content\/uploads\/2024\/09\/Italy.jpg\",\"width\":1080,\"height\":1080},{\"@type\":\"BreadcrumbList\",\"@id\":\"https:\/\/www.fbf-bff.be\/fr\/belchicken-bientot-en-italie\/#breadcrumb\",\"itemListElement\":[{\"@type\":\"ListItem\",\"position\":1,\"name\":\"Home\",\"item\":\"https:\/\/www.fbf-bff.be\/fr\/\"},{\"@type\":\"ListItem\",\"position\":2,\"name\":\"Belchicken bient\u00f4t en Italie\"}]},{\"@type\":\"WebSite\",\"@id\":\"https:\/\/www.fbf-bff.be\/#website\",\"url\":\"https:\/\/www.fbf-bff.be\/\",\"name\":\"F\u00e9d\u00e9ration Belge de la Franchise\",\"description\":\"Pour r\u00e9ussir ensemblee\",\"potentialAction\":[{\"@type\":\"SearchAction\",\"target\":{\"@type\":\"EntryPoint\",\"urlTemplate\":\"https:\/\/www.fbf-bff.be\/?s={search_term_string}\"},\"query-input\":{\"@type\":\"PropertyValueSpecification\",\"valueRequired\":true,\"valueName\":\"search_term_string\"}}],\"inLanguage\":\"fr-FR\"},{\"@type\":\"Person\",\"@id\":\"https:\/\/www.fbf-bff.be\/#\/schema\/person\/73a9cbee87288cba2b06e3fc29244fe7\",\"name\":\"fbf_admin\",\"image\":{\"@type\":\"ImageObject\",\"inLanguage\":\"fr-FR\",\"@id\":\"https:\/\/www.fbf-bff.be\/#\/schema\/person\/image\/\",\"url\":\"https:\/\/secure.gravatar.com\/avatar\/20f6483dbe2a69e0999ddcdd1744b7f7?s=96&d=mm&r=g\",\"contentUrl\":\"https:\/\/secure.gravatar.com\/avatar\/20f6483dbe2a69e0999ddcdd1744b7f7?s=96&d=mm&r=g\",\"caption\":\"fbf_admin\"}}]}<\/script>\n<!-- \/ Yoast SEO plugin. -->","yoast_head_json":{"title":"Belchicken bient\u00f4t en Italie - F\u00e9d\u00e9ration Belge de la Franchise","robots":{"index":"index","follow":"follow","max-snippet":"max-snippet:-1","max-image-preview":"max-image-preview:large","max-video-preview":"max-video-preview:-1"},"canonical":"https:\/\/www.fbf-bff.be\/fr\/belchicken-bientot-en-italie\/","og_locale":"fr_FR","og_type":"article","og_title":"Belchicken bient\u00f4t en Italie - F\u00e9d\u00e9ration Belge de la Franchise","og_description":"Le concept de franchise belge \u00ab Belchicken \u00bb a franchi une \u00e9tape importante dans son expansion internationale en signant un accord de master franchise avec de nouveaux partenaires en Italie.  Cette \u00e9tape marque l&rsquo;entr\u00e9e de la c\u00e9l\u00e8bre cha\u00eene de restauration rapide belge sur le march\u00e9 italien.  Bient\u00f4t, les ...","og_url":"https:\/\/www.fbf-bff.be\/fr\/belchicken-bientot-en-italie\/","og_site_name":"F\u00e9d\u00e9ration Belge de la Franchise","article_published_time":"2024-09-25T11:07:54+00:00","article_modified_time":"2026-04-08T23:00:32+00:00","og_image":[{"width":1080,"height":1080,"url":"https:\/\/www.fbf-bff.be\/wp-content\/uploads\/2024\/09\/Italy.jpg","type":"image\/jpeg"}],"author":"fbf_admin","twitter_card":"summary_large_image","twitter_misc":{"\u00c9crit par":"fbf_admin","Dur\u00e9e de lecture estim\u00e9e":"1 minute"},"schema":{"@context":"https:\/\/schema.org","@graph":[{"@type":"WebPage","@id":"https:\/\/www.fbf-bff.be\/fr\/belchicken-bientot-en-italie\/","url":"https:\/\/www.fbf-bff.be\/fr\/belchicken-bientot-en-italie\/","name":"Belchicken bient\u00f4t en Italie - F\u00e9d\u00e9ration Belge de la Franchise","isPartOf":{"@id":"https:\/\/www.fbf-bff.be\/#website"},"primaryImageOfPage":{"@id":"https:\/\/www.fbf-bff.be\/fr\/belchicken-bientot-en-italie\/#primaryimage"},"image":{"@id":"https:\/\/www.fbf-bff.be\/fr\/belchicken-bientot-en-italie\/#primaryimage"},"thumbnailUrl":"https:\/\/www.fbf-bff.be\/wp-content\/uploads\/2024\/09\/Italy.jpg","datePublished":"2024-09-25T11:07:54+00:00","dateModified":"2026-04-08T23:00:32+00:00","author":{"@id":"https:\/\/www.fbf-bff.be\/#\/schema\/person\/73a9cbee87288cba2b06e3fc29244fe7"},"breadcrumb":{"@id":"https:\/\/www.fbf-bff.be\/fr\/belchicken-bientot-en-italie\/#breadcrumb"},"inLanguage":"fr-FR","potentialAction":[{"@type":"ReadAction","target":["https:\/\/www.fbf-bff.be\/fr\/belchicken-bientot-en-italie\/"]}]},{"@type":"ImageObject","inLanguage":"fr-FR","@id":"https:\/\/www.fbf-bff.be\/fr\/belchicken-bientot-en-italie\/#primaryimage","url":"https:\/\/www.fbf-bff.be\/wp-content\/uploads\/2024\/09\/Italy.jpg","contentUrl":"https:\/\/www.fbf-bff.be\/wp-content\/uploads\/2024\/09\/Italy.jpg","width":1080,"height":1080},{"@type":"BreadcrumbList","@id":"https:\/\/www.fbf-bff.be\/fr\/belchicken-bientot-en-italie\/#breadcrumb","itemListElement":[{"@type":"ListItem","position":1,"name":"Home","item":"https:\/\/www.fbf-bff.be\/fr\/"},{"@type":"ListItem","position":2,"name":"Belchicken bient\u00f4t en Italie"}]},{"@type":"WebSite","@id":"https:\/\/www.fbf-bff.be\/#website","url":"https:\/\/www.fbf-bff.be\/","name":"F\u00e9d\u00e9ration Belge de la Franchise","description":"Pour r\u00e9ussir ensemblee","potentialAction":[{"@type":"SearchAction","target":{"@type":"EntryPoint","urlTemplate":"https:\/\/www.fbf-bff.be\/?s={search_term_string}"},"query-input":{"@type":"PropertyValueSpecification","valueRequired":true,"valueName":"search_term_string"}}],"inLanguage":"fr-FR"},{"@type":"Person","@id":"https:\/\/www.fbf-bff.be\/#\/schema\/person\/73a9cbee87288cba2b06e3fc29244fe7","name":"fbf_admin","image":{"@type":"ImageObject","inLanguage":"fr-FR","@id":"https:\/\/www.fbf-bff.be\/#\/schema\/person\/image\/","url":"https:\/\/secure.gravatar.com\/avatar\/20f6483dbe2a69e0999ddcdd1744b7f7?s=96&d=mm&r=g","contentUrl":"https:\/\/secure.gravatar.com\/avatar\/20f6483dbe2a69e0999ddcdd1744b7f7?s=96&d=mm&r=g","caption":"fbf_admin"}}]}},"_links":{"self":[{"href":"https:\/\/www.fbf-bff.be\/fr\/wp-json\/wp\/v2\/posts\/19075"}],"collection":[{"href":"https:\/\/www.fbf-bff.be\/fr\/wp-json\/wp\/v2\/posts"}],"about":[{"href":"https:\/\/www.fbf-bff.be\/fr\/wp-json\/wp\/v2\/types\/post"}],"author":[{"embeddable":true,"href":"https:\/\/www.fbf-bff.be\/fr\/wp-json\/wp\/v2\/users\/1"}],"replies":[{"embeddable":true,"href":"https:\/\/www.fbf-bff.be\/fr\/wp-json\/wp\/v2\/comments?post=19075"}],"version-history":[{"count":1,"href":"https:\/\/www.fbf-bff.be\/fr\/wp-json\/wp\/v2\/posts\/19075\/revisions"}],"predecessor-version":[{"id":19095,"href":"https:\/\/www.fbf-bff.be\/fr\/wp-json\/wp\/v2\/posts\/19075\/revisions\/19095"}],"wp:featuredmedia":[{"embeddable":true,"href":"https:\/\/www.fbf-bff.be\/fr\/wp-json\/wp\/v2\/media\/19066"}],"wp:attachment":[{"href":"https:\/\/www.fbf-bff.be\/fr\/wp-json\/wp\/v2\/media?parent=19075"}],"wp:term":[{"taxonomy":"category","embeddable":true,"href":"https:\/\/www.fbf-bff.be\/fr\/wp-json\/wp\/v2\/categories?post=19075"},{"taxonomy":"post_tag","embeddable":true,"href":"https:\/\/www.fbf-bff.be\/fr\/wp-json\/wp\/v2\/tags?post=19075"}],"curies":[{"name":"wp","href":"https:\/\/api.w.org\/{rel}","templated":true}]}}