{"id":18003,"date":"2024-06-05T11:47:14","date_gmt":"2024-06-05T09:47:14","guid":{"rendered":"https:\/\/www.fbf-bff.be\/assemblee-generale-de-la-federation-belge-de-la-franchise-2024\/"},"modified":"2026-04-09T01:00:27","modified_gmt":"2026-04-08T23:00:27","slug":"assemblee-generale-de-la-federation-belge-de-la-franchise-2024","status":"publish","type":"post","link":"https:\/\/www.fbf-bff.be\/fr\/assemblee-generale-de-la-federation-belge-de-la-franchise-2024\/","title":{"rendered":"Assembl\u00e9e g\u00e9n\u00e9rale de la F\u00e9d\u00e9ration Belge de la Franchise 2024"},"content":{"rendered":"<span style=\"font-weight: 400\">Le 28 mai, l&rsquo;Assembl\u00e9e g\u00e9n\u00e9rale annuelle de la F\u00e9d\u00e9ration Belge de la Franchise s&rsquo;est tenue dans le magnifique Mus\u00e9e de l&rsquo;Afrique \u00e0 Tervuren. Apr\u00e8s la r\u00e9union formelle, une r\u00e9ception et un Walking Dinner ont eu lieu au Restaurant du Mus\u00e9e, Bistro Tempo, o\u00f9 les membres ont pu faire du networking dans un cadre informel.<\/span>\r\n\r\n<span style=\"font-weight: 400\">Nous \u00e9tions ravis de la forte participation : 17 membres effectifs (franchiseurs) et 25 membres associ\u00e9s ont assist\u00e9 \u00e0 la r\u00e9union. Le pr\u00e9sident Micha\u00ebl Rosin a pr\u00e9sent\u00e9 les points principaux dans son protocole et le bilan annuel, accompagn\u00e9 du rapport du r\u00e9viseur d&rsquo;entreprise, a \u00e9t\u00e9 distribu\u00e9 \u00e0 tous les membres pr\u00e9sents.<\/span>\r\n\r\n<span style=\"font-weight: 400\">L&rsquo;ann\u00e9e \u00e9coul\u00e9e a \u00e9t\u00e9 fructueuse pour la F\u00e9d\u00e9ration. Le bilan annuel a \u00e9t\u00e9 approuv\u00e9 par les membres pr\u00e9sents et une d\u00e9charge a \u00e9t\u00e9 accord\u00e9e aux administrateurs et au r\u00e9viseur d&rsquo;entreprise pour leur mandat pour l&rsquo;exercice 2023. \u00c9tant donn\u00e9 que les mandats de tous les administrateurs arrivaient \u00e0 expiration, il a fallu voter sur le renouvellement de ces mandats. Avec la pr\u00e9sence de 17 membres effectifs (franchiseurs) et de 6 procurations, les votes ont pu avoir lieu.<\/span>\r\n\r\n<span style=\"font-weight: 400\">Au total, 23 membres votants ont approuv\u00e9 le renouvellement des mandats des administrateurs et du pr\u00e9sident. Tous les mandats de l&rsquo;actuel Conseil d&rsquo;Administration ont \u00e9t\u00e9 renouvel\u00e9s pour trois ans et Micha\u00ebl Rosin a \u00e9t\u00e9 r\u00e9\u00e9lu pr\u00e9sident.<\/span>\r\n\r\n<span style=\"font-weight: 400\">Nous tenons \u00e0 remercier encore une fois tous les membres pr\u00e9sents pour leur participation pr\u00e9cieuse et leur engagement envers la F\u00e9d\u00e9ration. Ensemble, nous nous r\u00e9jouissons de vivre une nouvelle ann\u00e9e de croissance et de collaboration au sein de la communaut\u00e9 de la franchise belge.<\/span>","protected":false},"excerpt":{"rendered":"<p>Le 28 mai, l&rsquo;Assembl\u00e9e g\u00e9n\u00e9rale annuelle de la F\u00e9d\u00e9ration Belge de la Franchise s&rsquo;est tenue dans le magnifique Mus\u00e9e de l&rsquo;Afrique \u00e0 Tervuren. Apr\u00e8s la r\u00e9union formelle, une r\u00e9ception et un Walking Dinner ont eu lieu au Restaurant du Mus\u00e9e, Bistro Tempo, o\u00f9 les membres ont pu faire du networking &#8230;<\/p>\n","protected":false},"author":1,"featured_media":18005,"comment_status":"closed","ping_status":"open","sticky":false,"template":"","format":"standard","meta":{"ngg_post_thumbnail":0,"footnotes":""},"categories":[49,46,51],"tags":[],"acf":[],"yoast_head":"<!-- This site is optimized with the Yoast SEO plugin v23.5 - https:\/\/yoast.com\/wordpress\/plugins\/seo\/ -->\n<title>Assembl\u00e9e g\u00e9n\u00e9rale de la F\u00e9d\u00e9ration Belge de la Franchise 2024 - F\u00e9d\u00e9ration Belge de la Franchise<\/title>\n<meta name=\"robots\" content=\"index, follow, max-snippet:-1, max-image-preview:large, max-video-preview:-1\" \/>\n<link rel=\"canonical\" href=\"https:\/\/www.fbf-bff.be\/fr\/assemblee-generale-de-la-federation-belge-de-la-franchise-2024\/\" \/>\n<meta property=\"og:locale\" content=\"fr_FR\" \/>\n<meta property=\"og:type\" content=\"article\" \/>\n<meta property=\"og:title\" content=\"Assembl\u00e9e g\u00e9n\u00e9rale de la F\u00e9d\u00e9ration Belge de la Franchise 2024 - F\u00e9d\u00e9ration Belge de la Franchise\" \/>\n<meta property=\"og:description\" content=\"Le 28 mai, l&rsquo;Assembl\u00e9e g\u00e9n\u00e9rale annuelle de la F\u00e9d\u00e9ration Belge de la Franchise s&rsquo;est tenue dans le magnifique Mus\u00e9e de l&rsquo;Afrique \u00e0 Tervuren. Apr\u00e8s la r\u00e9union formelle, une r\u00e9ception et un Walking Dinner ont eu lieu au Restaurant du Mus\u00e9e, Bistro Tempo, o\u00f9 les membres ont pu faire du networking ...\" \/>\n<meta property=\"og:url\" content=\"https:\/\/www.fbf-bff.be\/fr\/assemblee-generale-de-la-federation-belge-de-la-franchise-2024\/\" \/>\n<meta property=\"og:site_name\" content=\"F\u00e9d\u00e9ration Belge de la Franchise\" \/>\n<meta property=\"article:published_time\" content=\"2024-06-05T09:47:14+00:00\" \/>\n<meta property=\"article:modified_time\" content=\"2026-04-08T23:00:27+00:00\" \/>\n<meta property=\"og:image\" content=\"https:\/\/www.fbf-bff.be\/wp-content\/uploads\/2024\/06\/FBF-BFF.jpeg\" \/>\n\t<meta property=\"og:image:width\" content=\"512\" \/>\n\t<meta property=\"og:image:height\" content=\"268\" \/>\n\t<meta property=\"og:image:type\" content=\"image\/jpeg\" \/>\n<meta name=\"author\" content=\"fbf_admin\" \/>\n<meta name=\"twitter:card\" content=\"summary_large_image\" \/>\n<meta name=\"twitter:label1\" content=\"\u00c9crit par\" \/>\n\t<meta name=\"twitter:data1\" content=\"fbf_admin\" \/>\n\t<meta name=\"twitter:label2\" content=\"Dur\u00e9e de lecture estim\u00e9e\" \/>\n\t<meta name=\"twitter:data2\" content=\"1 minute\" \/>\n<script type=\"application\/ld+json\" class=\"yoast-schema-graph\">{\"@context\":\"https:\/\/schema.org\",\"@graph\":[{\"@type\":\"WebPage\",\"@id\":\"https:\/\/www.fbf-bff.be\/fr\/assemblee-generale-de-la-federation-belge-de-la-franchise-2024\/\",\"url\":\"https:\/\/www.fbf-bff.be\/fr\/assemblee-generale-de-la-federation-belge-de-la-franchise-2024\/\",\"name\":\"Assembl\u00e9e g\u00e9n\u00e9rale de la F\u00e9d\u00e9ration Belge de la Franchise 2024 - F\u00e9d\u00e9ration Belge de la Franchise\",\"isPartOf\":{\"@id\":\"https:\/\/www.fbf-bff.be\/#website\"},\"primaryImageOfPage\":{\"@id\":\"https:\/\/www.fbf-bff.be\/fr\/assemblee-generale-de-la-federation-belge-de-la-franchise-2024\/#primaryimage\"},\"image\":{\"@id\":\"https:\/\/www.fbf-bff.be\/fr\/assemblee-generale-de-la-federation-belge-de-la-franchise-2024\/#primaryimage\"},\"thumbnailUrl\":\"https:\/\/www.fbf-bff.be\/wp-content\/uploads\/2024\/06\/FBF-BFF.jpeg\",\"datePublished\":\"2024-06-05T09:47:14+00:00\",\"dateModified\":\"2026-04-08T23:00:27+00:00\",\"author\":{\"@id\":\"https:\/\/www.fbf-bff.be\/#\/schema\/person\/73a9cbee87288cba2b06e3fc29244fe7\"},\"breadcrumb\":{\"@id\":\"https:\/\/www.fbf-bff.be\/fr\/assemblee-generale-de-la-federation-belge-de-la-franchise-2024\/#breadcrumb\"},\"inLanguage\":\"fr-FR\",\"potentialAction\":[{\"@type\":\"ReadAction\",\"target\":[\"https:\/\/www.fbf-bff.be\/fr\/assemblee-generale-de-la-federation-belge-de-la-franchise-2024\/\"]}]},{\"@type\":\"ImageObject\",\"inLanguage\":\"fr-FR\",\"@id\":\"https:\/\/www.fbf-bff.be\/fr\/assemblee-generale-de-la-federation-belge-de-la-franchise-2024\/#primaryimage\",\"url\":\"https:\/\/www.fbf-bff.be\/wp-content\/uploads\/2024\/06\/FBF-BFF.jpeg\",\"contentUrl\":\"https:\/\/www.fbf-bff.be\/wp-content\/uploads\/2024\/06\/FBF-BFF.jpeg\",\"width\":512,\"height\":268},{\"@type\":\"BreadcrumbList\",\"@id\":\"https:\/\/www.fbf-bff.be\/fr\/assemblee-generale-de-la-federation-belge-de-la-franchise-2024\/#breadcrumb\",\"itemListElement\":[{\"@type\":\"ListItem\",\"position\":1,\"name\":\"Home\",\"item\":\"https:\/\/www.fbf-bff.be\/fr\/\"},{\"@type\":\"ListItem\",\"position\":2,\"name\":\"Assembl\u00e9e g\u00e9n\u00e9rale de la F\u00e9d\u00e9ration Belge de la Franchise 2024\"}]},{\"@type\":\"WebSite\",\"@id\":\"https:\/\/www.fbf-bff.be\/#website\",\"url\":\"https:\/\/www.fbf-bff.be\/\",\"name\":\"F\u00e9d\u00e9ration Belge de la Franchise\",\"description\":\"Pour r\u00e9ussir ensemblee\",\"potentialAction\":[{\"@type\":\"SearchAction\",\"target\":{\"@type\":\"EntryPoint\",\"urlTemplate\":\"https:\/\/www.fbf-bff.be\/?s={search_term_string}\"},\"query-input\":{\"@type\":\"PropertyValueSpecification\",\"valueRequired\":true,\"valueName\":\"search_term_string\"}}],\"inLanguage\":\"fr-FR\"},{\"@type\":\"Person\",\"@id\":\"https:\/\/www.fbf-bff.be\/#\/schema\/person\/73a9cbee87288cba2b06e3fc29244fe7\",\"name\":\"fbf_admin\",\"image\":{\"@type\":\"ImageObject\",\"inLanguage\":\"fr-FR\",\"@id\":\"https:\/\/www.fbf-bff.be\/#\/schema\/person\/image\/\",\"url\":\"https:\/\/secure.gravatar.com\/avatar\/20f6483dbe2a69e0999ddcdd1744b7f7?s=96&d=mm&r=g\",\"contentUrl\":\"https:\/\/secure.gravatar.com\/avatar\/20f6483dbe2a69e0999ddcdd1744b7f7?s=96&d=mm&r=g\",\"caption\":\"fbf_admin\"}}]}<\/script>\n<!-- \/ Yoast SEO plugin. -->","yoast_head_json":{"title":"Assembl\u00e9e g\u00e9n\u00e9rale de la F\u00e9d\u00e9ration Belge de la Franchise 2024 - F\u00e9d\u00e9ration Belge de la Franchise","robots":{"index":"index","follow":"follow","max-snippet":"max-snippet:-1","max-image-preview":"max-image-preview:large","max-video-preview":"max-video-preview:-1"},"canonical":"https:\/\/www.fbf-bff.be\/fr\/assemblee-generale-de-la-federation-belge-de-la-franchise-2024\/","og_locale":"fr_FR","og_type":"article","og_title":"Assembl\u00e9e g\u00e9n\u00e9rale de la F\u00e9d\u00e9ration Belge de la Franchise 2024 - F\u00e9d\u00e9ration Belge de la Franchise","og_description":"Le 28 mai, l&rsquo;Assembl\u00e9e g\u00e9n\u00e9rale annuelle de la F\u00e9d\u00e9ration Belge de la Franchise s&rsquo;est tenue dans le magnifique Mus\u00e9e de l&rsquo;Afrique \u00e0 Tervuren. Apr\u00e8s la r\u00e9union formelle, une r\u00e9ception et un Walking Dinner ont eu lieu au Restaurant du Mus\u00e9e, Bistro Tempo, o\u00f9 les membres ont pu faire du networking ...","og_url":"https:\/\/www.fbf-bff.be\/fr\/assemblee-generale-de-la-federation-belge-de-la-franchise-2024\/","og_site_name":"F\u00e9d\u00e9ration Belge de la Franchise","article_published_time":"2024-06-05T09:47:14+00:00","article_modified_time":"2026-04-08T23:00:27+00:00","og_image":[{"width":512,"height":268,"url":"https:\/\/www.fbf-bff.be\/wp-content\/uploads\/2024\/06\/FBF-BFF.jpeg","type":"image\/jpeg"}],"author":"fbf_admin","twitter_card":"summary_large_image","twitter_misc":{"\u00c9crit par":"fbf_admin","Dur\u00e9e de lecture estim\u00e9e":"1 minute"},"schema":{"@context":"https:\/\/schema.org","@graph":[{"@type":"WebPage","@id":"https:\/\/www.fbf-bff.be\/fr\/assemblee-generale-de-la-federation-belge-de-la-franchise-2024\/","url":"https:\/\/www.fbf-bff.be\/fr\/assemblee-generale-de-la-federation-belge-de-la-franchise-2024\/","name":"Assembl\u00e9e g\u00e9n\u00e9rale de la F\u00e9d\u00e9ration Belge de la Franchise 2024 - F\u00e9d\u00e9ration Belge de la Franchise","isPartOf":{"@id":"https:\/\/www.fbf-bff.be\/#website"},"primaryImageOfPage":{"@id":"https:\/\/www.fbf-bff.be\/fr\/assemblee-generale-de-la-federation-belge-de-la-franchise-2024\/#primaryimage"},"image":{"@id":"https:\/\/www.fbf-bff.be\/fr\/assemblee-generale-de-la-federation-belge-de-la-franchise-2024\/#primaryimage"},"thumbnailUrl":"https:\/\/www.fbf-bff.be\/wp-content\/uploads\/2024\/06\/FBF-BFF.jpeg","datePublished":"2024-06-05T09:47:14+00:00","dateModified":"2026-04-08T23:00:27+00:00","author":{"@id":"https:\/\/www.fbf-bff.be\/#\/schema\/person\/73a9cbee87288cba2b06e3fc29244fe7"},"breadcrumb":{"@id":"https:\/\/www.fbf-bff.be\/fr\/assemblee-generale-de-la-federation-belge-de-la-franchise-2024\/#breadcrumb"},"inLanguage":"fr-FR","potentialAction":[{"@type":"ReadAction","target":["https:\/\/www.fbf-bff.be\/fr\/assemblee-generale-de-la-federation-belge-de-la-franchise-2024\/"]}]},{"@type":"ImageObject","inLanguage":"fr-FR","@id":"https:\/\/www.fbf-bff.be\/fr\/assemblee-generale-de-la-federation-belge-de-la-franchise-2024\/#primaryimage","url":"https:\/\/www.fbf-bff.be\/wp-content\/uploads\/2024\/06\/FBF-BFF.jpeg","contentUrl":"https:\/\/www.fbf-bff.be\/wp-content\/uploads\/2024\/06\/FBF-BFF.jpeg","width":512,"height":268},{"@type":"BreadcrumbList","@id":"https:\/\/www.fbf-bff.be\/fr\/assemblee-generale-de-la-federation-belge-de-la-franchise-2024\/#breadcrumb","itemListElement":[{"@type":"ListItem","position":1,"name":"Home","item":"https:\/\/www.fbf-bff.be\/fr\/"},{"@type":"ListItem","position":2,"name":"Assembl\u00e9e g\u00e9n\u00e9rale de la F\u00e9d\u00e9ration Belge de la Franchise 2024"}]},{"@type":"WebSite","@id":"https:\/\/www.fbf-bff.be\/#website","url":"https:\/\/www.fbf-bff.be\/","name":"F\u00e9d\u00e9ration Belge de la Franchise","description":"Pour r\u00e9ussir ensemblee","potentialAction":[{"@type":"SearchAction","target":{"@type":"EntryPoint","urlTemplate":"https:\/\/www.fbf-bff.be\/?s={search_term_string}"},"query-input":{"@type":"PropertyValueSpecification","valueRequired":true,"valueName":"search_term_string"}}],"inLanguage":"fr-FR"},{"@type":"Person","@id":"https:\/\/www.fbf-bff.be\/#\/schema\/person\/73a9cbee87288cba2b06e3fc29244fe7","name":"fbf_admin","image":{"@type":"ImageObject","inLanguage":"fr-FR","@id":"https:\/\/www.fbf-bff.be\/#\/schema\/person\/image\/","url":"https:\/\/secure.gravatar.com\/avatar\/20f6483dbe2a69e0999ddcdd1744b7f7?s=96&d=mm&r=g","contentUrl":"https:\/\/secure.gravatar.com\/avatar\/20f6483dbe2a69e0999ddcdd1744b7f7?s=96&d=mm&r=g","caption":"fbf_admin"}}]}},"_links":{"self":[{"href":"https:\/\/www.fbf-bff.be\/fr\/wp-json\/wp\/v2\/posts\/18003"}],"collection":[{"href":"https:\/\/www.fbf-bff.be\/fr\/wp-json\/wp\/v2\/posts"}],"about":[{"href":"https:\/\/www.fbf-bff.be\/fr\/wp-json\/wp\/v2\/types\/post"}],"author":[{"embeddable":true,"href":"https:\/\/www.fbf-bff.be\/fr\/wp-json\/wp\/v2\/users\/1"}],"replies":[{"embeddable":true,"href":"https:\/\/www.fbf-bff.be\/fr\/wp-json\/wp\/v2\/comments?post=18003"}],"version-history":[{"count":1,"href":"https:\/\/www.fbf-bff.be\/fr\/wp-json\/wp\/v2\/posts\/18003\/revisions"}],"predecessor-version":[{"id":18019,"href":"https:\/\/www.fbf-bff.be\/fr\/wp-json\/wp\/v2\/posts\/18003\/revisions\/18019"}],"wp:featuredmedia":[{"embeddable":true,"href":"https:\/\/www.fbf-bff.be\/fr\/wp-json\/wp\/v2\/media\/18005"}],"wp:attachment":[{"href":"https:\/\/www.fbf-bff.be\/fr\/wp-json\/wp\/v2\/media?parent=18003"}],"wp:term":[{"taxonomy":"category","embeddable":true,"href":"https:\/\/www.fbf-bff.be\/fr\/wp-json\/wp\/v2\/categories?post=18003"},{"taxonomy":"post_tag","embeddable":true,"href":"https:\/\/www.fbf-bff.be\/fr\/wp-json\/wp\/v2\/tags?post=18003"}],"curies":[{"name":"wp","href":"https:\/\/api.w.org\/{rel}","templated":true}]}}