{"id":16602,"date":"2023-12-13T15:07:18","date_gmt":"2023-12-13T14:07:18","guid":{"rendered":"https:\/\/www.fbf-bff.be\/ouverture-festive-du-restaurant-belchicken-a-cologne\/"},"modified":"2026-04-09T01:00:21","modified_gmt":"2026-04-08T23:00:21","slug":"ouverture-festive-du-restaurant-belchicken-a-cologne","status":"publish","type":"post","link":"https:\/\/www.fbf-bff.be\/fr\/ouverture-festive-du-restaurant-belchicken-a-cologne\/","title":{"rendered":"Ouverture festive du restaurant Belchicken \u00e0 Cologne"},"content":{"rendered":"<p style=\"font-weight: 400\">Le vendredi 1er d\u00e9cembre 2023, Cologne a c\u00e9l\u00e9br\u00e9 l&rsquo;ouverture festive de la tr\u00e8s attendue restaurant franchis\u00e9 Belchicken dans la ville. L&rsquo;ouverture, remplie d&rsquo;enthousiasme et de d\u00e9lices, a attir\u00e9 des foules curieuses de l&rsquo;exp\u00e9rience culinaire savoureuse promise par le r\u00e9seau de franchise d&rsquo;origine belge Belchicken.<\/p>\r\n<p style=\"font-weight: 400\"><a href=\"\/?p=46317\" saferedirecturl=\"https:\/\/www.google.com\/url?q=https:\/\/franchisingbelgium.be\/franchises\/belchicken\/&amp;source=gmail&amp;ust=1702555655831000&amp;usg=AOvVaw2zh0d9ET1vPdn3zgR_2_0-\" class=\"broken_link\">Belchicken<\/a>, connu pour ses savoureux plats de poulet grill\u00e9 et frit de haute qualit\u00e9, a encore \u00e9largi sa pr\u00e9sence en Allemagne avec l&rsquo;ouverture de ce restaurant franchis\u00e9 de Cologne. Strat\u00e9giquement situ\u00e9 au c\u0153ur de Cologne, le nouvel emplacement promet d&rsquo;\u00eatre un r\u00e9gal gastronomique pour les habitants et les touristes.<\/p>\r\n<p style=\"font-weight: 400\"><img loading=\"lazy\" decoding=\"async\" class=\"alignnone size-full wp-image-52538\" src=\"https:\/\/www.fbf-bff.be\/wp-content\/uploads\/2023\/12\/DSC05128-scaled-1.jpg\" alt=\"Belchicken\" width=\"2560\" height=\"1707\" \/><\/p>\r\n<p style=\"font-weight: 400\">Lors de la journ\u00e9e d&rsquo;ouverture, les premiers clients ont eu droit \u00e0 des d\u00e9gustations gratuites des plats signature et des promotions de Belchicken, allant des ailes de poulet juteuses au filet de poulet croustillant. La r\u00e9ponse a \u00e9t\u00e9 extr\u00eamement positive, beaucoup louant le m\u00e9lange d&rsquo;\u00e9pices unique et la cuisson parfaite des plats de poulet.<\/p>\r\n<p style=\"font-weight: 400\"><img loading=\"lazy\" decoding=\"async\" class=\"alignnone size-full wp-image-52540\" src=\"https:\/\/www.fbf-bff.be\/wp-content\/uploads\/2023\/12\/DSC05130-scaled-1.jpg\" alt=\"Belchicken\" width=\"2560\" height=\"1707\" \/><\/p>\r\n<p style=\"font-weight: 400\">Outre le menu savoureux, l&rsquo;ouverture a \u00e9galement \u00e9t\u00e9 marqu\u00e9e par de la musique live, des animations et une ambiance festive. La nouvelle franchis\u00e9e de Belchicken, Madame Sumeyye Akbulut, a exprim\u00e9 sa gratitude pour l&rsquo;accueil chaleureux \u00e0 Cologne et a soulign\u00e9 son engagement \u00e0 fournir des plats savoureux et de haute qualit\u00e9 \u00e0 ses clients. Ce restaurant franchis\u00e9 de Cologne est le dernier n\u00e9 de cette cha\u00eene en pleine croissance, d\u00e9sormais connue dans le monde entier pour ses plats de poulet grill\u00e9.<\/p>\r\n<p style=\"font-weight: 400\">Le restaurant franchis\u00e9 de Belchicken \u00e0 Cologne est ouverte tous les jours et accueille tous ceux qui recherchent une exp\u00e9rience culinaire savoureuse et festive.<\/p>\r\n<p style=\"font-weight: 400\">Pour plus d\u2019information pour devenir franchis\u00e9 Belchicken , cliquez-<a href=\"\/?p=46317\" saferedirecturl=\"https:\/\/www.google.com\/url?q=https:\/\/franchisingbelgium.be\/franchises\/belchicken\/&amp;source=gmail&amp;ust=1702555655831000&amp;usg=AOvVaw2zh0d9ET1vPdn3zgR_2_0-\" class=\"broken_link\">ici.<\/a><\/p>","protected":false},"excerpt":{"rendered":"<p>Le vendredi 1er d\u00e9cembre 2023, Cologne a c\u00e9l\u00e9br\u00e9 l&rsquo;ouverture festive de la tr\u00e8s attendue restaurant franchis\u00e9 Belchicken dans la ville. L&rsquo;ouverture, remplie d&rsquo;enthousiasme et de d\u00e9lices, a attir\u00e9 des foules curieuses de l&rsquo;exp\u00e9rience culinaire savoureuse promise par le r\u00e9seau de franchise d&rsquo;origine belge Belchicken.<br \/>\nBelchicken, connu pour ses savoureux plats &#8230;<\/p>\n","protected":false},"author":1,"featured_media":16596,"comment_status":"closed","ping_status":"open","sticky":false,"template":"","format":"standard","meta":{"ngg_post_thumbnail":0,"footnotes":""},"categories":[49,46,51],"tags":[],"acf":[],"yoast_head":"<!-- This site is optimized with the Yoast SEO plugin v23.5 - https:\/\/yoast.com\/wordpress\/plugins\/seo\/ -->\n<title>Ouverture festive du restaurant Belchicken \u00e0 Cologne - F\u00e9d\u00e9ration Belge de la Franchise<\/title>\n<meta name=\"robots\" content=\"index, follow, max-snippet:-1, max-image-preview:large, max-video-preview:-1\" \/>\n<link rel=\"canonical\" href=\"https:\/\/www.fbf-bff.be\/fr\/ouverture-festive-du-restaurant-belchicken-a-cologne\/\" \/>\n<meta property=\"og:locale\" content=\"fr_FR\" \/>\n<meta property=\"og:type\" content=\"article\" \/>\n<meta property=\"og:title\" content=\"Ouverture festive du restaurant Belchicken \u00e0 Cologne - F\u00e9d\u00e9ration Belge de la Franchise\" \/>\n<meta property=\"og:description\" content=\"Le vendredi 1er d\u00e9cembre 2023, Cologne a c\u00e9l\u00e9br\u00e9 l&rsquo;ouverture festive de la tr\u00e8s attendue restaurant franchis\u00e9 Belchicken dans la ville. L&rsquo;ouverture, remplie d&rsquo;enthousiasme et de d\u00e9lices, a attir\u00e9 des foules curieuses de l&rsquo;exp\u00e9rience culinaire savoureuse promise par le r\u00e9seau de franchise d&rsquo;origine belge Belchicken. Belchicken, connu pour ses savoureux plats ...\" \/>\n<meta property=\"og:url\" content=\"https:\/\/www.fbf-bff.be\/fr\/ouverture-festive-du-restaurant-belchicken-a-cologne\/\" \/>\n<meta property=\"og:site_name\" content=\"F\u00e9d\u00e9ration Belge de la Franchise\" \/>\n<meta property=\"article:published_time\" content=\"2023-12-13T14:07:18+00:00\" \/>\n<meta property=\"article:modified_time\" content=\"2026-04-08T23:00:21+00:00\" \/>\n<meta property=\"og:image\" content=\"https:\/\/www.fbf-bff.be\/wp-content\/uploads\/2023\/12\/DSC05115-scaled-1.jpg\" \/>\n\t<meta property=\"og:image:width\" content=\"1920\" \/>\n\t<meta property=\"og:image:height\" content=\"1280\" \/>\n\t<meta property=\"og:image:type\" content=\"image\/jpeg\" \/>\n<meta name=\"author\" content=\"fbf_admin\" \/>\n<meta name=\"twitter:card\" content=\"summary_large_image\" \/>\n<meta name=\"twitter:label1\" content=\"\u00c9crit par\" \/>\n\t<meta name=\"twitter:data1\" content=\"fbf_admin\" \/>\n\t<meta name=\"twitter:label2\" content=\"Dur\u00e9e de lecture estim\u00e9e\" \/>\n\t<meta name=\"twitter:data2\" content=\"1 minute\" \/>\n<script type=\"application\/ld+json\" class=\"yoast-schema-graph\">{\"@context\":\"https:\/\/schema.org\",\"@graph\":[{\"@type\":\"WebPage\",\"@id\":\"https:\/\/www.fbf-bff.be\/fr\/ouverture-festive-du-restaurant-belchicken-a-cologne\/\",\"url\":\"https:\/\/www.fbf-bff.be\/fr\/ouverture-festive-du-restaurant-belchicken-a-cologne\/\",\"name\":\"Ouverture festive du restaurant Belchicken \u00e0 Cologne - F\u00e9d\u00e9ration Belge de la Franchise\",\"isPartOf\":{\"@id\":\"https:\/\/www.fbf-bff.be\/#website\"},\"primaryImageOfPage\":{\"@id\":\"https:\/\/www.fbf-bff.be\/fr\/ouverture-festive-du-restaurant-belchicken-a-cologne\/#primaryimage\"},\"image\":{\"@id\":\"https:\/\/www.fbf-bff.be\/fr\/ouverture-festive-du-restaurant-belchicken-a-cologne\/#primaryimage\"},\"thumbnailUrl\":\"https:\/\/www.fbf-bff.be\/wp-content\/uploads\/2023\/12\/DSC05115-scaled-1.jpg\",\"datePublished\":\"2023-12-13T14:07:18+00:00\",\"dateModified\":\"2026-04-08T23:00:21+00:00\",\"author\":{\"@id\":\"https:\/\/www.fbf-bff.be\/#\/schema\/person\/73a9cbee87288cba2b06e3fc29244fe7\"},\"breadcrumb\":{\"@id\":\"https:\/\/www.fbf-bff.be\/fr\/ouverture-festive-du-restaurant-belchicken-a-cologne\/#breadcrumb\"},\"inLanguage\":\"fr-FR\",\"potentialAction\":[{\"@type\":\"ReadAction\",\"target\":[\"https:\/\/www.fbf-bff.be\/fr\/ouverture-festive-du-restaurant-belchicken-a-cologne\/\"]}]},{\"@type\":\"ImageObject\",\"inLanguage\":\"fr-FR\",\"@id\":\"https:\/\/www.fbf-bff.be\/fr\/ouverture-festive-du-restaurant-belchicken-a-cologne\/#primaryimage\",\"url\":\"https:\/\/www.fbf-bff.be\/wp-content\/uploads\/2023\/12\/DSC05115-scaled-1.jpg\",\"contentUrl\":\"https:\/\/www.fbf-bff.be\/wp-content\/uploads\/2023\/12\/DSC05115-scaled-1.jpg\",\"width\":1920,\"height\":1280},{\"@type\":\"BreadcrumbList\",\"@id\":\"https:\/\/www.fbf-bff.be\/fr\/ouverture-festive-du-restaurant-belchicken-a-cologne\/#breadcrumb\",\"itemListElement\":[{\"@type\":\"ListItem\",\"position\":1,\"name\":\"Home\",\"item\":\"https:\/\/www.fbf-bff.be\/fr\/\"},{\"@type\":\"ListItem\",\"position\":2,\"name\":\"Ouverture festive du restaurant Belchicken \u00e0 Cologne\"}]},{\"@type\":\"WebSite\",\"@id\":\"https:\/\/www.fbf-bff.be\/#website\",\"url\":\"https:\/\/www.fbf-bff.be\/\",\"name\":\"F\u00e9d\u00e9ration Belge de la Franchise\",\"description\":\"Pour r\u00e9ussir ensemblee\",\"potentialAction\":[{\"@type\":\"SearchAction\",\"target\":{\"@type\":\"EntryPoint\",\"urlTemplate\":\"https:\/\/www.fbf-bff.be\/?s={search_term_string}\"},\"query-input\":{\"@type\":\"PropertyValueSpecification\",\"valueRequired\":true,\"valueName\":\"search_term_string\"}}],\"inLanguage\":\"fr-FR\"},{\"@type\":\"Person\",\"@id\":\"https:\/\/www.fbf-bff.be\/#\/schema\/person\/73a9cbee87288cba2b06e3fc29244fe7\",\"name\":\"fbf_admin\",\"image\":{\"@type\":\"ImageObject\",\"inLanguage\":\"fr-FR\",\"@id\":\"https:\/\/www.fbf-bff.be\/#\/schema\/person\/image\/\",\"url\":\"https:\/\/secure.gravatar.com\/avatar\/20f6483dbe2a69e0999ddcdd1744b7f7?s=96&d=mm&r=g\",\"contentUrl\":\"https:\/\/secure.gravatar.com\/avatar\/20f6483dbe2a69e0999ddcdd1744b7f7?s=96&d=mm&r=g\",\"caption\":\"fbf_admin\"}}]}<\/script>\n<!-- \/ Yoast SEO plugin. -->","yoast_head_json":{"title":"Ouverture festive du restaurant Belchicken \u00e0 Cologne - F\u00e9d\u00e9ration Belge de la Franchise","robots":{"index":"index","follow":"follow","max-snippet":"max-snippet:-1","max-image-preview":"max-image-preview:large","max-video-preview":"max-video-preview:-1"},"canonical":"https:\/\/www.fbf-bff.be\/fr\/ouverture-festive-du-restaurant-belchicken-a-cologne\/","og_locale":"fr_FR","og_type":"article","og_title":"Ouverture festive du restaurant Belchicken \u00e0 Cologne - F\u00e9d\u00e9ration Belge de la Franchise","og_description":"Le vendredi 1er d\u00e9cembre 2023, Cologne a c\u00e9l\u00e9br\u00e9 l&rsquo;ouverture festive de la tr\u00e8s attendue restaurant franchis\u00e9 Belchicken dans la ville. L&rsquo;ouverture, remplie d&rsquo;enthousiasme et de d\u00e9lices, a attir\u00e9 des foules curieuses de l&rsquo;exp\u00e9rience culinaire savoureuse promise par le r\u00e9seau de franchise d&rsquo;origine belge Belchicken. Belchicken, connu pour ses savoureux plats ...","og_url":"https:\/\/www.fbf-bff.be\/fr\/ouverture-festive-du-restaurant-belchicken-a-cologne\/","og_site_name":"F\u00e9d\u00e9ration Belge de la Franchise","article_published_time":"2023-12-13T14:07:18+00:00","article_modified_time":"2026-04-08T23:00:21+00:00","og_image":[{"width":1920,"height":1280,"url":"https:\/\/www.fbf-bff.be\/wp-content\/uploads\/2023\/12\/DSC05115-scaled-1.jpg","type":"image\/jpeg"}],"author":"fbf_admin","twitter_card":"summary_large_image","twitter_misc":{"\u00c9crit par":"fbf_admin","Dur\u00e9e de lecture estim\u00e9e":"1 minute"},"schema":{"@context":"https:\/\/schema.org","@graph":[{"@type":"WebPage","@id":"https:\/\/www.fbf-bff.be\/fr\/ouverture-festive-du-restaurant-belchicken-a-cologne\/","url":"https:\/\/www.fbf-bff.be\/fr\/ouverture-festive-du-restaurant-belchicken-a-cologne\/","name":"Ouverture festive du restaurant Belchicken \u00e0 Cologne - F\u00e9d\u00e9ration Belge de la Franchise","isPartOf":{"@id":"https:\/\/www.fbf-bff.be\/#website"},"primaryImageOfPage":{"@id":"https:\/\/www.fbf-bff.be\/fr\/ouverture-festive-du-restaurant-belchicken-a-cologne\/#primaryimage"},"image":{"@id":"https:\/\/www.fbf-bff.be\/fr\/ouverture-festive-du-restaurant-belchicken-a-cologne\/#primaryimage"},"thumbnailUrl":"https:\/\/www.fbf-bff.be\/wp-content\/uploads\/2023\/12\/DSC05115-scaled-1.jpg","datePublished":"2023-12-13T14:07:18+00:00","dateModified":"2026-04-08T23:00:21+00:00","author":{"@id":"https:\/\/www.fbf-bff.be\/#\/schema\/person\/73a9cbee87288cba2b06e3fc29244fe7"},"breadcrumb":{"@id":"https:\/\/www.fbf-bff.be\/fr\/ouverture-festive-du-restaurant-belchicken-a-cologne\/#breadcrumb"},"inLanguage":"fr-FR","potentialAction":[{"@type":"ReadAction","target":["https:\/\/www.fbf-bff.be\/fr\/ouverture-festive-du-restaurant-belchicken-a-cologne\/"]}]},{"@type":"ImageObject","inLanguage":"fr-FR","@id":"https:\/\/www.fbf-bff.be\/fr\/ouverture-festive-du-restaurant-belchicken-a-cologne\/#primaryimage","url":"https:\/\/www.fbf-bff.be\/wp-content\/uploads\/2023\/12\/DSC05115-scaled-1.jpg","contentUrl":"https:\/\/www.fbf-bff.be\/wp-content\/uploads\/2023\/12\/DSC05115-scaled-1.jpg","width":1920,"height":1280},{"@type":"BreadcrumbList","@id":"https:\/\/www.fbf-bff.be\/fr\/ouverture-festive-du-restaurant-belchicken-a-cologne\/#breadcrumb","itemListElement":[{"@type":"ListItem","position":1,"name":"Home","item":"https:\/\/www.fbf-bff.be\/fr\/"},{"@type":"ListItem","position":2,"name":"Ouverture festive du restaurant Belchicken \u00e0 Cologne"}]},{"@type":"WebSite","@id":"https:\/\/www.fbf-bff.be\/#website","url":"https:\/\/www.fbf-bff.be\/","name":"F\u00e9d\u00e9ration Belge de la Franchise","description":"Pour r\u00e9ussir ensemblee","potentialAction":[{"@type":"SearchAction","target":{"@type":"EntryPoint","urlTemplate":"https:\/\/www.fbf-bff.be\/?s={search_term_string}"},"query-input":{"@type":"PropertyValueSpecification","valueRequired":true,"valueName":"search_term_string"}}],"inLanguage":"fr-FR"},{"@type":"Person","@id":"https:\/\/www.fbf-bff.be\/#\/schema\/person\/73a9cbee87288cba2b06e3fc29244fe7","name":"fbf_admin","image":{"@type":"ImageObject","inLanguage":"fr-FR","@id":"https:\/\/www.fbf-bff.be\/#\/schema\/person\/image\/","url":"https:\/\/secure.gravatar.com\/avatar\/20f6483dbe2a69e0999ddcdd1744b7f7?s=96&d=mm&r=g","contentUrl":"https:\/\/secure.gravatar.com\/avatar\/20f6483dbe2a69e0999ddcdd1744b7f7?s=96&d=mm&r=g","caption":"fbf_admin"}}]}},"_links":{"self":[{"href":"https:\/\/www.fbf-bff.be\/fr\/wp-json\/wp\/v2\/posts\/16602"}],"collection":[{"href":"https:\/\/www.fbf-bff.be\/fr\/wp-json\/wp\/v2\/posts"}],"about":[{"href":"https:\/\/www.fbf-bff.be\/fr\/wp-json\/wp\/v2\/types\/post"}],"author":[{"embeddable":true,"href":"https:\/\/www.fbf-bff.be\/fr\/wp-json\/wp\/v2\/users\/1"}],"replies":[{"embeddable":true,"href":"https:\/\/www.fbf-bff.be\/fr\/wp-json\/wp\/v2\/comments?post=16602"}],"version-history":[{"count":1,"href":"https:\/\/www.fbf-bff.be\/fr\/wp-json\/wp\/v2\/posts\/16602\/revisions"}],"predecessor-version":[{"id":16613,"href":"https:\/\/www.fbf-bff.be\/fr\/wp-json\/wp\/v2\/posts\/16602\/revisions\/16613"}],"wp:featuredmedia":[{"embeddable":true,"href":"https:\/\/www.fbf-bff.be\/fr\/wp-json\/wp\/v2\/media\/16596"}],"wp:attachment":[{"href":"https:\/\/www.fbf-bff.be\/fr\/wp-json\/wp\/v2\/media?parent=16602"}],"wp:term":[{"taxonomy":"category","embeddable":true,"href":"https:\/\/www.fbf-bff.be\/fr\/wp-json\/wp\/v2\/categories?post=16602"},{"taxonomy":"post_tag","embeddable":true,"href":"https:\/\/www.fbf-bff.be\/fr\/wp-json\/wp\/v2\/tags?post=16602"}],"curies":[{"name":"wp","href":"https:\/\/api.w.org\/{rel}","templated":true}]}}