{"id":15398,"date":"2023-05-24T20:13:52","date_gmt":"2023-05-24T18:13:52","guid":{"rendered":"https:\/\/www.fbf-bff.be\/primes-services-rejoint-la-federation-belge-de-la-franchise-en-tant-que-membres-associes\/"},"modified":"2026-04-09T01:00:14","modified_gmt":"2026-04-08T23:00:14","slug":"primes-services-rejoint-la-federation-belge-de-la-franchise-en-tant-que-membres-associes","status":"publish","type":"post","link":"https:\/\/www.fbf-bff.be\/fr\/primes-services-rejoint-la-federation-belge-de-la-franchise-en-tant-que-membres-associes\/","title":{"rendered":"Primes-Services rejoint la F\u00e9d\u00e9ration Belge de la Franchise en tant que membres associ\u00e9s"},"content":{"rendered":"<span style=\"font-weight: 400\">Le Comit\u00e9 Ex\u00e9cutif de la <a href=\"https:\/\/www.fbf-bff.be\/fr\/\" target=\"_blank\" rel=\"noopener\">F\u00e9d\u00e9ration Belge de la Franchise<\/a> a accueilli Primes-Services en tant que nouveau membre associ\u00e9.<\/span>\r\n\r\n<span style=\"font-weight: 400\">Primes -Services est une soci\u00e9t\u00e9 sp\u00e9cialis\u00e9e dans l\u2019analyse, l\u2019introduction et la gestion des dossiers concernant les primes et les subsides sur tout le territoire Belge.<\/span>\r\n\r\n<span style=\"font-weight: 400\">La client\u00e8le est constitu\u00e9e d\u2019entreprises et des ind\u00e9pendants, quelque soit leur activit\u00e9s \u00e9conomique.<\/span>\r\n\r\n<span style=\"font-weight: 400\">Primes-Services sont en mesure d\u2019aider les franchis\u00e9s et franchiseurs dans toutes les d\u00e9marches administratives relative aux primes et subsides disponible dans les 3 r\u00e9gions de Belgique.<\/span>\r\n\r\n<span style=\"font-weight: 400\">Primes-Services est une organisation bien rod\u00e9e en interne avec un p\u00f4le d\u00e9di\u00e9 \u00e0 l\u2019aide aux entreprises constitu\u00e9 comme ceci\u00a0: prospection, analyse et gestion de dossiers. Leur technique permet une coordination efficient et efficace.<\/span>\r\n\r\n<span style=\"font-weight: 400\">Leur analyse permet de d\u00e9terminer rapidement les subsides et calculer les montants auxquels peuvent pr\u00e9tendre les porteur de projets.<\/span>\r\n\r\n<span style=\"font-weight: 400\">La <a href=\"https:\/\/www.fbf-bff.be\/fr\/\" target=\"_blank\" rel=\"noopener\">F\u00e9d\u00e9ration Belge de la Franchise<\/a> et ses membres sont heureux de les accueillir parmi eux en tant que prestataires de service dans le monde de la franchise.<\/span>","protected":false},"excerpt":{"rendered":"<p>Le Comit\u00e9 Ex\u00e9cutif de la F\u00e9d\u00e9ration Belge de la Franchise a accueilli Primes-Services en tant que nouveau membre associ\u00e9.<\/p>\n<p>Primes -Services est une soci\u00e9t\u00e9 sp\u00e9cialis\u00e9e dans l\u2019analyse, l\u2019introduction et la gestion des dossiers concernant les primes et les subsides sur tout le territoire Belge.<\/p>\n<p>La client\u00e8le est constitu\u00e9e &#8230;<\/p>\n","protected":false},"author":1,"featured_media":15396,"comment_status":"closed","ping_status":"open","sticky":false,"template":"","format":"standard","meta":{"ngg_post_thumbnail":0,"footnotes":""},"categories":[46,51],"tags":[],"acf":[],"yoast_head":"<!-- This site is optimized with the Yoast SEO plugin v23.5 - https:\/\/yoast.com\/wordpress\/plugins\/seo\/ -->\n<title>Primes-Services rejoint la F\u00e9d\u00e9ration Belge de la Franchise en tant que membres associ\u00e9s - F\u00e9d\u00e9ration Belge de la Franchise<\/title>\n<meta name=\"robots\" content=\"index, follow, max-snippet:-1, max-image-preview:large, max-video-preview:-1\" \/>\n<link rel=\"canonical\" href=\"https:\/\/www.fbf-bff.be\/fr\/primes-services-rejoint-la-federation-belge-de-la-franchise-en-tant-que-membres-associes\/\" \/>\n<meta property=\"og:locale\" content=\"fr_FR\" \/>\n<meta property=\"og:type\" content=\"article\" \/>\n<meta property=\"og:title\" content=\"Primes-Services rejoint la F\u00e9d\u00e9ration Belge de la Franchise en tant que membres associ\u00e9s - F\u00e9d\u00e9ration Belge de la Franchise\" \/>\n<meta property=\"og:description\" content=\"Le Comit\u00e9 Ex\u00e9cutif de la F\u00e9d\u00e9ration Belge de la Franchise a accueilli Primes-Services en tant que nouveau membre associ\u00e9.  Primes -Services est une soci\u00e9t\u00e9 sp\u00e9cialis\u00e9e dans l\u2019analyse, l\u2019introduction et la gestion des dossiers concernant les primes et les subsides sur tout le territoire Belge.  La client\u00e8le est constitu\u00e9e ...\" \/>\n<meta property=\"og:url\" content=\"https:\/\/www.fbf-bff.be\/fr\/primes-services-rejoint-la-federation-belge-de-la-franchise-en-tant-que-membres-associes\/\" \/>\n<meta property=\"og:site_name\" content=\"F\u00e9d\u00e9ration Belge de la Franchise\" \/>\n<meta property=\"article:published_time\" content=\"2023-05-24T18:13:52+00:00\" \/>\n<meta property=\"article:modified_time\" content=\"2026-04-08T23:00:14+00:00\" \/>\n<meta property=\"og:image\" content=\"https:\/\/www.fbf-bff.be\/wp-content\/uploads\/2023\/05\/Screenshot-2023-05-24-at-18.08.07.png\" \/>\n\t<meta property=\"og:image:width\" content=\"1060\" \/>\n\t<meta property=\"og:image:height\" content=\"370\" \/>\n\t<meta property=\"og:image:type\" content=\"image\/png\" \/>\n<meta name=\"author\" content=\"fbf_admin\" \/>\n<meta name=\"twitter:card\" content=\"summary_large_image\" \/>\n<meta name=\"twitter:label1\" content=\"\u00c9crit par\" \/>\n\t<meta name=\"twitter:data1\" content=\"fbf_admin\" \/>\n\t<meta name=\"twitter:label2\" content=\"Dur\u00e9e de lecture estim\u00e9e\" \/>\n\t<meta name=\"twitter:data2\" content=\"1 minute\" \/>\n<script type=\"application\/ld+json\" class=\"yoast-schema-graph\">{\"@context\":\"https:\/\/schema.org\",\"@graph\":[{\"@type\":\"WebPage\",\"@id\":\"https:\/\/www.fbf-bff.be\/fr\/primes-services-rejoint-la-federation-belge-de-la-franchise-en-tant-que-membres-associes\/\",\"url\":\"https:\/\/www.fbf-bff.be\/fr\/primes-services-rejoint-la-federation-belge-de-la-franchise-en-tant-que-membres-associes\/\",\"name\":\"Primes-Services rejoint la F\u00e9d\u00e9ration Belge de la Franchise en tant que membres associ\u00e9s - F\u00e9d\u00e9ration Belge de la Franchise\",\"isPartOf\":{\"@id\":\"https:\/\/www.fbf-bff.be\/#website\"},\"primaryImageOfPage\":{\"@id\":\"https:\/\/www.fbf-bff.be\/fr\/primes-services-rejoint-la-federation-belge-de-la-franchise-en-tant-que-membres-associes\/#primaryimage\"},\"image\":{\"@id\":\"https:\/\/www.fbf-bff.be\/fr\/primes-services-rejoint-la-federation-belge-de-la-franchise-en-tant-que-membres-associes\/#primaryimage\"},\"thumbnailUrl\":\"https:\/\/www.fbf-bff.be\/wp-content\/uploads\/2023\/05\/Screenshot-2023-05-24-at-18.08.07.png\",\"datePublished\":\"2023-05-24T18:13:52+00:00\",\"dateModified\":\"2026-04-08T23:00:14+00:00\",\"author\":{\"@id\":\"https:\/\/www.fbf-bff.be\/#\/schema\/person\/73a9cbee87288cba2b06e3fc29244fe7\"},\"breadcrumb\":{\"@id\":\"https:\/\/www.fbf-bff.be\/fr\/primes-services-rejoint-la-federation-belge-de-la-franchise-en-tant-que-membres-associes\/#breadcrumb\"},\"inLanguage\":\"fr-FR\",\"potentialAction\":[{\"@type\":\"ReadAction\",\"target\":[\"https:\/\/www.fbf-bff.be\/fr\/primes-services-rejoint-la-federation-belge-de-la-franchise-en-tant-que-membres-associes\/\"]}]},{\"@type\":\"ImageObject\",\"inLanguage\":\"fr-FR\",\"@id\":\"https:\/\/www.fbf-bff.be\/fr\/primes-services-rejoint-la-federation-belge-de-la-franchise-en-tant-que-membres-associes\/#primaryimage\",\"url\":\"https:\/\/www.fbf-bff.be\/wp-content\/uploads\/2023\/05\/Screenshot-2023-05-24-at-18.08.07.png\",\"contentUrl\":\"https:\/\/www.fbf-bff.be\/wp-content\/uploads\/2023\/05\/Screenshot-2023-05-24-at-18.08.07.png\",\"width\":1060,\"height\":370},{\"@type\":\"BreadcrumbList\",\"@id\":\"https:\/\/www.fbf-bff.be\/fr\/primes-services-rejoint-la-federation-belge-de-la-franchise-en-tant-que-membres-associes\/#breadcrumb\",\"itemListElement\":[{\"@type\":\"ListItem\",\"position\":1,\"name\":\"Home\",\"item\":\"https:\/\/www.fbf-bff.be\/fr\/\"},{\"@type\":\"ListItem\",\"position\":2,\"name\":\"Primes-Services rejoint la F\u00e9d\u00e9ration Belge de la Franchise en tant que membres associ\u00e9s\"}]},{\"@type\":\"WebSite\",\"@id\":\"https:\/\/www.fbf-bff.be\/#website\",\"url\":\"https:\/\/www.fbf-bff.be\/\",\"name\":\"F\u00e9d\u00e9ration Belge de la Franchise\",\"description\":\"Pour r\u00e9ussir ensemblee\",\"potentialAction\":[{\"@type\":\"SearchAction\",\"target\":{\"@type\":\"EntryPoint\",\"urlTemplate\":\"https:\/\/www.fbf-bff.be\/?s={search_term_string}\"},\"query-input\":{\"@type\":\"PropertyValueSpecification\",\"valueRequired\":true,\"valueName\":\"search_term_string\"}}],\"inLanguage\":\"fr-FR\"},{\"@type\":\"Person\",\"@id\":\"https:\/\/www.fbf-bff.be\/#\/schema\/person\/73a9cbee87288cba2b06e3fc29244fe7\",\"name\":\"fbf_admin\",\"image\":{\"@type\":\"ImageObject\",\"inLanguage\":\"fr-FR\",\"@id\":\"https:\/\/www.fbf-bff.be\/#\/schema\/person\/image\/\",\"url\":\"https:\/\/secure.gravatar.com\/avatar\/20f6483dbe2a69e0999ddcdd1744b7f7?s=96&d=mm&r=g\",\"contentUrl\":\"https:\/\/secure.gravatar.com\/avatar\/20f6483dbe2a69e0999ddcdd1744b7f7?s=96&d=mm&r=g\",\"caption\":\"fbf_admin\"}}]}<\/script>\n<!-- \/ Yoast SEO plugin. -->","yoast_head_json":{"title":"Primes-Services rejoint la F\u00e9d\u00e9ration Belge de la Franchise en tant que membres associ\u00e9s - F\u00e9d\u00e9ration Belge de la Franchise","robots":{"index":"index","follow":"follow","max-snippet":"max-snippet:-1","max-image-preview":"max-image-preview:large","max-video-preview":"max-video-preview:-1"},"canonical":"https:\/\/www.fbf-bff.be\/fr\/primes-services-rejoint-la-federation-belge-de-la-franchise-en-tant-que-membres-associes\/","og_locale":"fr_FR","og_type":"article","og_title":"Primes-Services rejoint la F\u00e9d\u00e9ration Belge de la Franchise en tant que membres associ\u00e9s - F\u00e9d\u00e9ration Belge de la Franchise","og_description":"Le Comit\u00e9 Ex\u00e9cutif de la F\u00e9d\u00e9ration Belge de la Franchise a accueilli Primes-Services en tant que nouveau membre associ\u00e9.  Primes -Services est une soci\u00e9t\u00e9 sp\u00e9cialis\u00e9e dans l\u2019analyse, l\u2019introduction et la gestion des dossiers concernant les primes et les subsides sur tout le territoire Belge.  La client\u00e8le est constitu\u00e9e ...","og_url":"https:\/\/www.fbf-bff.be\/fr\/primes-services-rejoint-la-federation-belge-de-la-franchise-en-tant-que-membres-associes\/","og_site_name":"F\u00e9d\u00e9ration Belge de la Franchise","article_published_time":"2023-05-24T18:13:52+00:00","article_modified_time":"2026-04-08T23:00:14+00:00","og_image":[{"width":1060,"height":370,"url":"https:\/\/www.fbf-bff.be\/wp-content\/uploads\/2023\/05\/Screenshot-2023-05-24-at-18.08.07.png","type":"image\/png"}],"author":"fbf_admin","twitter_card":"summary_large_image","twitter_misc":{"\u00c9crit par":"fbf_admin","Dur\u00e9e de lecture estim\u00e9e":"1 minute"},"schema":{"@context":"https:\/\/schema.org","@graph":[{"@type":"WebPage","@id":"https:\/\/www.fbf-bff.be\/fr\/primes-services-rejoint-la-federation-belge-de-la-franchise-en-tant-que-membres-associes\/","url":"https:\/\/www.fbf-bff.be\/fr\/primes-services-rejoint-la-federation-belge-de-la-franchise-en-tant-que-membres-associes\/","name":"Primes-Services rejoint la F\u00e9d\u00e9ration Belge de la Franchise en tant que membres associ\u00e9s - F\u00e9d\u00e9ration Belge de la Franchise","isPartOf":{"@id":"https:\/\/www.fbf-bff.be\/#website"},"primaryImageOfPage":{"@id":"https:\/\/www.fbf-bff.be\/fr\/primes-services-rejoint-la-federation-belge-de-la-franchise-en-tant-que-membres-associes\/#primaryimage"},"image":{"@id":"https:\/\/www.fbf-bff.be\/fr\/primes-services-rejoint-la-federation-belge-de-la-franchise-en-tant-que-membres-associes\/#primaryimage"},"thumbnailUrl":"https:\/\/www.fbf-bff.be\/wp-content\/uploads\/2023\/05\/Screenshot-2023-05-24-at-18.08.07.png","datePublished":"2023-05-24T18:13:52+00:00","dateModified":"2026-04-08T23:00:14+00:00","author":{"@id":"https:\/\/www.fbf-bff.be\/#\/schema\/person\/73a9cbee87288cba2b06e3fc29244fe7"},"breadcrumb":{"@id":"https:\/\/www.fbf-bff.be\/fr\/primes-services-rejoint-la-federation-belge-de-la-franchise-en-tant-que-membres-associes\/#breadcrumb"},"inLanguage":"fr-FR","potentialAction":[{"@type":"ReadAction","target":["https:\/\/www.fbf-bff.be\/fr\/primes-services-rejoint-la-federation-belge-de-la-franchise-en-tant-que-membres-associes\/"]}]},{"@type":"ImageObject","inLanguage":"fr-FR","@id":"https:\/\/www.fbf-bff.be\/fr\/primes-services-rejoint-la-federation-belge-de-la-franchise-en-tant-que-membres-associes\/#primaryimage","url":"https:\/\/www.fbf-bff.be\/wp-content\/uploads\/2023\/05\/Screenshot-2023-05-24-at-18.08.07.png","contentUrl":"https:\/\/www.fbf-bff.be\/wp-content\/uploads\/2023\/05\/Screenshot-2023-05-24-at-18.08.07.png","width":1060,"height":370},{"@type":"BreadcrumbList","@id":"https:\/\/www.fbf-bff.be\/fr\/primes-services-rejoint-la-federation-belge-de-la-franchise-en-tant-que-membres-associes\/#breadcrumb","itemListElement":[{"@type":"ListItem","position":1,"name":"Home","item":"https:\/\/www.fbf-bff.be\/fr\/"},{"@type":"ListItem","position":2,"name":"Primes-Services rejoint la F\u00e9d\u00e9ration Belge de la Franchise en tant que membres associ\u00e9s"}]},{"@type":"WebSite","@id":"https:\/\/www.fbf-bff.be\/#website","url":"https:\/\/www.fbf-bff.be\/","name":"F\u00e9d\u00e9ration Belge de la Franchise","description":"Pour r\u00e9ussir ensemblee","potentialAction":[{"@type":"SearchAction","target":{"@type":"EntryPoint","urlTemplate":"https:\/\/www.fbf-bff.be\/?s={search_term_string}"},"query-input":{"@type":"PropertyValueSpecification","valueRequired":true,"valueName":"search_term_string"}}],"inLanguage":"fr-FR"},{"@type":"Person","@id":"https:\/\/www.fbf-bff.be\/#\/schema\/person\/73a9cbee87288cba2b06e3fc29244fe7","name":"fbf_admin","image":{"@type":"ImageObject","inLanguage":"fr-FR","@id":"https:\/\/www.fbf-bff.be\/#\/schema\/person\/image\/","url":"https:\/\/secure.gravatar.com\/avatar\/20f6483dbe2a69e0999ddcdd1744b7f7?s=96&d=mm&r=g","contentUrl":"https:\/\/secure.gravatar.com\/avatar\/20f6483dbe2a69e0999ddcdd1744b7f7?s=96&d=mm&r=g","caption":"fbf_admin"}}]}},"_links":{"self":[{"href":"https:\/\/www.fbf-bff.be\/fr\/wp-json\/wp\/v2\/posts\/15398"}],"collection":[{"href":"https:\/\/www.fbf-bff.be\/fr\/wp-json\/wp\/v2\/posts"}],"about":[{"href":"https:\/\/www.fbf-bff.be\/fr\/wp-json\/wp\/v2\/types\/post"}],"author":[{"embeddable":true,"href":"https:\/\/www.fbf-bff.be\/fr\/wp-json\/wp\/v2\/users\/1"}],"replies":[{"embeddable":true,"href":"https:\/\/www.fbf-bff.be\/fr\/wp-json\/wp\/v2\/comments?post=15398"}],"version-history":[{"count":1,"href":"https:\/\/www.fbf-bff.be\/fr\/wp-json\/wp\/v2\/posts\/15398\/revisions"}],"predecessor-version":[{"id":15400,"href":"https:\/\/www.fbf-bff.be\/fr\/wp-json\/wp\/v2\/posts\/15398\/revisions\/15400"}],"wp:featuredmedia":[{"embeddable":true,"href":"https:\/\/www.fbf-bff.be\/fr\/wp-json\/wp\/v2\/media\/15396"}],"wp:attachment":[{"href":"https:\/\/www.fbf-bff.be\/fr\/wp-json\/wp\/v2\/media?parent=15398"}],"wp:term":[{"taxonomy":"category","embeddable":true,"href":"https:\/\/www.fbf-bff.be\/fr\/wp-json\/wp\/v2\/categories?post=15398"},{"taxonomy":"post_tag","embeddable":true,"href":"https:\/\/www.fbf-bff.be\/fr\/wp-json\/wp\/v2\/tags?post=15398"}],"curies":[{"name":"wp","href":"https:\/\/api.w.org\/{rel}","templated":true}]}}