{"id":14988,"date":"2023-02-22T21:47:30","date_gmt":"2023-02-22T20:47:30","guid":{"rendered":"https:\/\/www.fbf-bff.be\/makersfair-de-brico-2023\/"},"modified":"2026-04-09T01:00:09","modified_gmt":"2026-04-08T23:00:09","slug":"makersfair-de-brico-2023","status":"publish","type":"post","link":"https:\/\/www.fbf-bff.be\/fr\/makersfair-de-brico-2023\/","title":{"rendered":"Makersfair de Brico 2023"},"content":{"rendered":"<p style=\"font-weight: 400\">Les 15 et 16 f\u00e9vrier dernier, <a href=\"\/?p=38570\" target=\"_blank\" rel=\"noopener\" class=\"broken_link\">Brico et Brico Plan It<\/a> ont r\u00e9it\u00e9r\u00e9 pour la 12i\u00e8me fois cons\u00e9cutive leur foire aux produits, un salon r\u00e9serv\u00e9 aux collaborateurs et partenaires franchis\u00e9s.<\/p>\r\n<p style=\"font-weight: 400\">Cette ann\u00e9e de retour au Brussels Gate (ex Brussels Kart) apr\u00e8s 2 \u00e9ditions qui avaient d\u00fb \u00eatre organis\u00e9es sous forme phygital.<\/p>\r\n<img loading=\"lazy\" decoding=\"async\" class=\"alignnone size-full wp-image-51001\" src=\"https:\/\/franchisingbelgium.be\/wp-content\/uploads\/2023\/02\/Brico_Makersfair2.jpeg\" alt=\"Brico makersfair\" width=\"901\" height=\"507\" \/>\r\n<p style=\"font-weight: 400\">150 fournisseurs sont venus pr\u00e9senter leurs nouveaut\u00e9s en termes de produits et projets. Plus de 25 ateliers ont \u00e9t\u00e9 organis\u00e9s et Brico\/Planit a partag\u00e9 sa strat\u00e9gie, aussi bien globale qu\u2019au niveau de l\u2019\u00e9volution du digital et des assortiments.<\/p>\r\n<p style=\"font-weight: 400\">Plus de 1.800 collaborateurs et partenaires franchis\u00e9s ont particip\u00e9 \u00e0 cette Makersfair \/ foire aux produits.<\/p>\r\n<p style=\"font-weight: 400\">Pour plus d\u2019 informations sur la franchise de Brico, <a href=\"\/?p=38570\" target=\"_blank\" rel=\"noopener\" class=\"broken_link\">cliquez-ici<\/a>.<\/p>","protected":false},"excerpt":{"rendered":"<p>Les 15 et 16 f\u00e9vrier dernier, Brico et Brico Plan It ont r\u00e9it\u00e9r\u00e9 pour la 12i\u00e8me fois cons\u00e9cutive leur foire aux produits, un salon r\u00e9serv\u00e9 aux collaborateurs et partenaires franchis\u00e9s.<br \/>\nCette ann\u00e9e de retour au Brussels Gate (ex Brussels Kart) apr\u00e8s 2 \u00e9ditions qui avaient d\u00fb \u00eatre organis\u00e9es sous forme &#8230;<\/p>\n","protected":false},"author":1,"featured_media":14984,"comment_status":"closed","ping_status":"open","sticky":false,"template":"","format":"standard","meta":{"ngg_post_thumbnail":0,"footnotes":""},"categories":[49,46,51],"tags":[],"acf":[],"yoast_head":"<!-- This site is optimized with the Yoast SEO plugin v23.5 - https:\/\/yoast.com\/wordpress\/plugins\/seo\/ -->\n<title>Makersfair de Brico 2023 - F\u00e9d\u00e9ration Belge de la Franchise<\/title>\n<meta name=\"robots\" content=\"index, follow, max-snippet:-1, max-image-preview:large, max-video-preview:-1\" \/>\n<link rel=\"canonical\" href=\"https:\/\/www.fbf-bff.be\/fr\/makersfair-de-brico-2023\/\" \/>\n<meta property=\"og:locale\" content=\"fr_FR\" \/>\n<meta property=\"og:type\" content=\"article\" \/>\n<meta property=\"og:title\" content=\"Makersfair de Brico 2023 - F\u00e9d\u00e9ration Belge de la Franchise\" \/>\n<meta property=\"og:description\" content=\"Les 15 et 16 f\u00e9vrier dernier, Brico et Brico Plan It ont r\u00e9it\u00e9r\u00e9 pour la 12i\u00e8me fois cons\u00e9cutive leur foire aux produits, un salon r\u00e9serv\u00e9 aux collaborateurs et partenaires franchis\u00e9s. Cette ann\u00e9e de retour au Brussels Gate (ex Brussels Kart) apr\u00e8s 2 \u00e9ditions qui avaient d\u00fb \u00eatre organis\u00e9es sous forme ...\" \/>\n<meta property=\"og:url\" content=\"https:\/\/www.fbf-bff.be\/fr\/makersfair-de-brico-2023\/\" \/>\n<meta property=\"og:site_name\" content=\"F\u00e9d\u00e9ration Belge de la Franchise\" \/>\n<meta property=\"article:published_time\" content=\"2023-02-22T20:47:30+00:00\" \/>\n<meta property=\"article:modified_time\" content=\"2026-04-08T23:00:09+00:00\" \/>\n<meta property=\"og:image\" content=\"https:\/\/www.fbf-bff.be\/wp-content\/uploads\/2023\/02\/Brico_Makersfair1.jpeg\" \/>\n\t<meta property=\"og:image:width\" content=\"895\" \/>\n\t<meta property=\"og:image:height\" content=\"671\" \/>\n\t<meta property=\"og:image:type\" content=\"image\/jpeg\" \/>\n<meta name=\"author\" content=\"fbf_admin\" \/>\n<meta name=\"twitter:card\" content=\"summary_large_image\" \/>\n<meta name=\"twitter:label1\" content=\"\u00c9crit par\" \/>\n\t<meta name=\"twitter:data1\" content=\"fbf_admin\" \/>\n\t<meta name=\"twitter:label2\" content=\"Dur\u00e9e de lecture estim\u00e9e\" \/>\n\t<meta name=\"twitter:data2\" content=\"1 minute\" \/>\n<script type=\"application\/ld+json\" class=\"yoast-schema-graph\">{\"@context\":\"https:\/\/schema.org\",\"@graph\":[{\"@type\":\"WebPage\",\"@id\":\"https:\/\/www.fbf-bff.be\/fr\/makersfair-de-brico-2023\/\",\"url\":\"https:\/\/www.fbf-bff.be\/fr\/makersfair-de-brico-2023\/\",\"name\":\"Makersfair de Brico 2023 - F\u00e9d\u00e9ration Belge de la Franchise\",\"isPartOf\":{\"@id\":\"https:\/\/www.fbf-bff.be\/#website\"},\"primaryImageOfPage\":{\"@id\":\"https:\/\/www.fbf-bff.be\/fr\/makersfair-de-brico-2023\/#primaryimage\"},\"image\":{\"@id\":\"https:\/\/www.fbf-bff.be\/fr\/makersfair-de-brico-2023\/#primaryimage\"},\"thumbnailUrl\":\"https:\/\/www.fbf-bff.be\/wp-content\/uploads\/2023\/02\/Brico_Makersfair1.jpeg\",\"datePublished\":\"2023-02-22T20:47:30+00:00\",\"dateModified\":\"2026-04-08T23:00:09+00:00\",\"author\":{\"@id\":\"https:\/\/www.fbf-bff.be\/#\/schema\/person\/73a9cbee87288cba2b06e3fc29244fe7\"},\"breadcrumb\":{\"@id\":\"https:\/\/www.fbf-bff.be\/fr\/makersfair-de-brico-2023\/#breadcrumb\"},\"inLanguage\":\"fr-FR\",\"potentialAction\":[{\"@type\":\"ReadAction\",\"target\":[\"https:\/\/www.fbf-bff.be\/fr\/makersfair-de-brico-2023\/\"]}]},{\"@type\":\"ImageObject\",\"inLanguage\":\"fr-FR\",\"@id\":\"https:\/\/www.fbf-bff.be\/fr\/makersfair-de-brico-2023\/#primaryimage\",\"url\":\"https:\/\/www.fbf-bff.be\/wp-content\/uploads\/2023\/02\/Brico_Makersfair1.jpeg\",\"contentUrl\":\"https:\/\/www.fbf-bff.be\/wp-content\/uploads\/2023\/02\/Brico_Makersfair1.jpeg\",\"width\":895,\"height\":671},{\"@type\":\"BreadcrumbList\",\"@id\":\"https:\/\/www.fbf-bff.be\/fr\/makersfair-de-brico-2023\/#breadcrumb\",\"itemListElement\":[{\"@type\":\"ListItem\",\"position\":1,\"name\":\"Home\",\"item\":\"https:\/\/www.fbf-bff.be\/fr\/\"},{\"@type\":\"ListItem\",\"position\":2,\"name\":\"Makersfair de Brico 2023\"}]},{\"@type\":\"WebSite\",\"@id\":\"https:\/\/www.fbf-bff.be\/#website\",\"url\":\"https:\/\/www.fbf-bff.be\/\",\"name\":\"F\u00e9d\u00e9ration Belge de la Franchise\",\"description\":\"Pour r\u00e9ussir ensemblee\",\"potentialAction\":[{\"@type\":\"SearchAction\",\"target\":{\"@type\":\"EntryPoint\",\"urlTemplate\":\"https:\/\/www.fbf-bff.be\/?s={search_term_string}\"},\"query-input\":{\"@type\":\"PropertyValueSpecification\",\"valueRequired\":true,\"valueName\":\"search_term_string\"}}],\"inLanguage\":\"fr-FR\"},{\"@type\":\"Person\",\"@id\":\"https:\/\/www.fbf-bff.be\/#\/schema\/person\/73a9cbee87288cba2b06e3fc29244fe7\",\"name\":\"fbf_admin\",\"image\":{\"@type\":\"ImageObject\",\"inLanguage\":\"fr-FR\",\"@id\":\"https:\/\/www.fbf-bff.be\/#\/schema\/person\/image\/\",\"url\":\"https:\/\/secure.gravatar.com\/avatar\/20f6483dbe2a69e0999ddcdd1744b7f7?s=96&d=mm&r=g\",\"contentUrl\":\"https:\/\/secure.gravatar.com\/avatar\/20f6483dbe2a69e0999ddcdd1744b7f7?s=96&d=mm&r=g\",\"caption\":\"fbf_admin\"}}]}<\/script>\n<!-- \/ Yoast SEO plugin. -->","yoast_head_json":{"title":"Makersfair de Brico 2023 - F\u00e9d\u00e9ration Belge de la Franchise","robots":{"index":"index","follow":"follow","max-snippet":"max-snippet:-1","max-image-preview":"max-image-preview:large","max-video-preview":"max-video-preview:-1"},"canonical":"https:\/\/www.fbf-bff.be\/fr\/makersfair-de-brico-2023\/","og_locale":"fr_FR","og_type":"article","og_title":"Makersfair de Brico 2023 - F\u00e9d\u00e9ration Belge de la Franchise","og_description":"Les 15 et 16 f\u00e9vrier dernier, Brico et Brico Plan It ont r\u00e9it\u00e9r\u00e9 pour la 12i\u00e8me fois cons\u00e9cutive leur foire aux produits, un salon r\u00e9serv\u00e9 aux collaborateurs et partenaires franchis\u00e9s. Cette ann\u00e9e de retour au Brussels Gate (ex Brussels Kart) apr\u00e8s 2 \u00e9ditions qui avaient d\u00fb \u00eatre organis\u00e9es sous forme ...","og_url":"https:\/\/www.fbf-bff.be\/fr\/makersfair-de-brico-2023\/","og_site_name":"F\u00e9d\u00e9ration Belge de la Franchise","article_published_time":"2023-02-22T20:47:30+00:00","article_modified_time":"2026-04-08T23:00:09+00:00","og_image":[{"width":895,"height":671,"url":"https:\/\/www.fbf-bff.be\/wp-content\/uploads\/2023\/02\/Brico_Makersfair1.jpeg","type":"image\/jpeg"}],"author":"fbf_admin","twitter_card":"summary_large_image","twitter_misc":{"\u00c9crit par":"fbf_admin","Dur\u00e9e de lecture estim\u00e9e":"1 minute"},"schema":{"@context":"https:\/\/schema.org","@graph":[{"@type":"WebPage","@id":"https:\/\/www.fbf-bff.be\/fr\/makersfair-de-brico-2023\/","url":"https:\/\/www.fbf-bff.be\/fr\/makersfair-de-brico-2023\/","name":"Makersfair de Brico 2023 - F\u00e9d\u00e9ration Belge de la Franchise","isPartOf":{"@id":"https:\/\/www.fbf-bff.be\/#website"},"primaryImageOfPage":{"@id":"https:\/\/www.fbf-bff.be\/fr\/makersfair-de-brico-2023\/#primaryimage"},"image":{"@id":"https:\/\/www.fbf-bff.be\/fr\/makersfair-de-brico-2023\/#primaryimage"},"thumbnailUrl":"https:\/\/www.fbf-bff.be\/wp-content\/uploads\/2023\/02\/Brico_Makersfair1.jpeg","datePublished":"2023-02-22T20:47:30+00:00","dateModified":"2026-04-08T23:00:09+00:00","author":{"@id":"https:\/\/www.fbf-bff.be\/#\/schema\/person\/73a9cbee87288cba2b06e3fc29244fe7"},"breadcrumb":{"@id":"https:\/\/www.fbf-bff.be\/fr\/makersfair-de-brico-2023\/#breadcrumb"},"inLanguage":"fr-FR","potentialAction":[{"@type":"ReadAction","target":["https:\/\/www.fbf-bff.be\/fr\/makersfair-de-brico-2023\/"]}]},{"@type":"ImageObject","inLanguage":"fr-FR","@id":"https:\/\/www.fbf-bff.be\/fr\/makersfair-de-brico-2023\/#primaryimage","url":"https:\/\/www.fbf-bff.be\/wp-content\/uploads\/2023\/02\/Brico_Makersfair1.jpeg","contentUrl":"https:\/\/www.fbf-bff.be\/wp-content\/uploads\/2023\/02\/Brico_Makersfair1.jpeg","width":895,"height":671},{"@type":"BreadcrumbList","@id":"https:\/\/www.fbf-bff.be\/fr\/makersfair-de-brico-2023\/#breadcrumb","itemListElement":[{"@type":"ListItem","position":1,"name":"Home","item":"https:\/\/www.fbf-bff.be\/fr\/"},{"@type":"ListItem","position":2,"name":"Makersfair de Brico 2023"}]},{"@type":"WebSite","@id":"https:\/\/www.fbf-bff.be\/#website","url":"https:\/\/www.fbf-bff.be\/","name":"F\u00e9d\u00e9ration Belge de la Franchise","description":"Pour r\u00e9ussir ensemblee","potentialAction":[{"@type":"SearchAction","target":{"@type":"EntryPoint","urlTemplate":"https:\/\/www.fbf-bff.be\/?s={search_term_string}"},"query-input":{"@type":"PropertyValueSpecification","valueRequired":true,"valueName":"search_term_string"}}],"inLanguage":"fr-FR"},{"@type":"Person","@id":"https:\/\/www.fbf-bff.be\/#\/schema\/person\/73a9cbee87288cba2b06e3fc29244fe7","name":"fbf_admin","image":{"@type":"ImageObject","inLanguage":"fr-FR","@id":"https:\/\/www.fbf-bff.be\/#\/schema\/person\/image\/","url":"https:\/\/secure.gravatar.com\/avatar\/20f6483dbe2a69e0999ddcdd1744b7f7?s=96&d=mm&r=g","contentUrl":"https:\/\/secure.gravatar.com\/avatar\/20f6483dbe2a69e0999ddcdd1744b7f7?s=96&d=mm&r=g","caption":"fbf_admin"}}]}},"_links":{"self":[{"href":"https:\/\/www.fbf-bff.be\/fr\/wp-json\/wp\/v2\/posts\/14988"}],"collection":[{"href":"https:\/\/www.fbf-bff.be\/fr\/wp-json\/wp\/v2\/posts"}],"about":[{"href":"https:\/\/www.fbf-bff.be\/fr\/wp-json\/wp\/v2\/types\/post"}],"author":[{"embeddable":true,"href":"https:\/\/www.fbf-bff.be\/fr\/wp-json\/wp\/v2\/users\/1"}],"replies":[{"embeddable":true,"href":"https:\/\/www.fbf-bff.be\/fr\/wp-json\/wp\/v2\/comments?post=14988"}],"version-history":[{"count":1,"href":"https:\/\/www.fbf-bff.be\/fr\/wp-json\/wp\/v2\/posts\/14988\/revisions"}],"predecessor-version":[{"id":15007,"href":"https:\/\/www.fbf-bff.be\/fr\/wp-json\/wp\/v2\/posts\/14988\/revisions\/15007"}],"wp:featuredmedia":[{"embeddable":true,"href":"https:\/\/www.fbf-bff.be\/fr\/wp-json\/wp\/v2\/media\/14984"}],"wp:attachment":[{"href":"https:\/\/www.fbf-bff.be\/fr\/wp-json\/wp\/v2\/media?parent=14988"}],"wp:term":[{"taxonomy":"category","embeddable":true,"href":"https:\/\/www.fbf-bff.be\/fr\/wp-json\/wp\/v2\/categories?post=14988"},{"taxonomy":"post_tag","embeddable":true,"href":"https:\/\/www.fbf-bff.be\/fr\/wp-json\/wp\/v2\/tags?post=14988"}],"curies":[{"name":"wp","href":"https:\/\/api.w.org\/{rel}","templated":true}]}}