{"id":10014,"date":"2021-01-21T15:24:35","date_gmt":"2021-01-21T14:24:35","guid":{"rendered":"https:\/\/www.fbf-bff.be\/nouveau-carrefour-express-a-ixelles\/"},"modified":"2021-01-21T15:24:35","modified_gmt":"2021-01-21T14:24:35","slug":"nouveau-carrefour-express-a-ixelles","status":"publish","type":"post","link":"https:\/\/www.fbf-bff.be\/fr\/nouveau-carrefour-express-a-ixelles\/","title":{"rendered":"Nouveau Carrefour Express \u00e0 Ixelles"},"content":{"rendered":"<p style=\"font-weight: 400\"><strong>Un nouveau Carrefour Express ouvrait ses portes le 14 janvier son premier magasin franchis\u00e9s de l\u2019ann\u00e9e \u00e0 Ixelles, 211 Chauss\u00e9e d&rsquo;Ixelles. Le magasin met l&rsquo;accent sur le bio et a un tr\u00e8s grand rayon boulangerie. Son offre est parfaitement adapt\u00e9e aux attentes des habitants du quartier. Une gamme de repas pr\u00eats \u00e0 consommer est ainsi propos\u00e9e \u00e0 tout moment de la journ\u00e9e : plats pr\u00e9par\u00e9s, sandwiches, snacks, fruits&#8230; mais aussi viande, volaille, poisson et l\u00e9gumes frais pour le d\u00eener. En outre, on y trouve une large vari\u00e9t\u00e9 de produits de base et tous les produits essentiels de l&rsquo;alimentation s\u00e8che et de la droguerie.<\/strong><\/p>\r\n<p style=\"font-weight: 400\"><img loading=\"lazy\" decoding=\"async\" class=\"alignnone size-medium wp-image-26634\" src=\"https:\/\/franchisingbelgium.be\/wp-content\/uploads\/2021\/01\/Express_Elsene1-300x225.jpeg\" alt=\"Carrefour Express Ixelles\" width=\"300\" height=\"225\" \/><\/p>\r\n<p style=\"font-weight: 400\">CARREFOUR BELGIQUE OFFE UNE VARIETE DE FORMATS DE MAGASINS<\/p>\r\n<p style=\"font-weight: 400\">Carrefour occupe une position unique en Belgique par la vari\u00e9t\u00e9 de ses formats, par le choix et par les plus de 11.000 hommes et femmes engag\u00e9s, pour accompagner le client en toute confiance et lui donner acc\u00e8s tous les jours \u00e0 une vie plus \u00e9quilibr\u00e9e et plaisante. L\u2019ambition de Carrefour est de devenir le leader dans le domaine de la transition alimentaire pour tous. Son programme d\u2019actions Act for Food doit permettre \u00e0 tous de mieux manger.<\/p>\r\n<p style=\"font-weight: 400\">L\u2019engagement de Carrefour Belgique au niveau de sa responsabilit\u00e9 soci\u00e9tale a \u00e9t\u00e9 reconnu : le commer\u00e7ant a remport\u00e9 l\u2019award du \u201cCSR Professional of the Year 2018\u201d.<\/p>\r\n<p style=\"font-weight: 400\"><img loading=\"lazy\" decoding=\"async\" class=\"alignnone size-medium wp-image-26637\" src=\"https:\/\/franchisingbelgium.be\/wp-content\/uploads\/2021\/01\/Express_Elsene-300x164.jpeg\" alt=\"Olivier Lambert Carrefour Express\" width=\"300\" height=\"164\" \/><\/p>\r\n<p style=\"font-weight: 400\">Ainsi avec 40 Hypermarch\u00e9s Carrefour, plus de 440 supermarch\u00e9s franchis\u00e9s\u00a0Carrefour Market, quelque 300 magasins franchis\u00e9s\u00a0<a href=\"https:\/\/www.carrefour.eu\/fr.html\" target=\"_blank\" rel=\"noopener noreferrer\">Carrefour Express<\/a> et plus de 200 points de retrait Carrefour Drive, Carrefour Belgique est le premier et le seul distributeur \u00e0 accompagner le client \u00e0 chaque moment de sa vie et de sa consommation.<\/p>\r\n<p style=\"font-weight: 400\">Gr\u00e2ce \u00e0 son ancrage local, dans pratiquement chaque commune, et avec une offre unique de plus 10.000 produits locaux et de plus de 4.500 produits bio Carrefour Belgique est le partenaire de la vie quotidienne. C\u2019est ainsi que 700.000 clients par jour, soit environ 80% des foyers en Belgique par an font leurs courses chez Carrefour.<\/p>\r\n<p style=\"font-weight: 400\">Pour plus d\u2019informations sur la franchise de Carrefour Market, cliquez ici ou pour Carrefour Express <a href=\"https:\/\/franchisingbelgium.be\/formule\/carrefour-express\/?lang=fr\" target=\"_blank\" rel=\"noopener noreferrer\">cliquez ici<\/a>.<\/p>","protected":false},"excerpt":{"rendered":"<p>Un nouveau Carrefour Express ouvrait ses portes le 14 janvier son premier magasin franchis\u00e9s de l\u2019ann\u00e9e \u00e0 Ixelles, 211 Chauss\u00e9e d&rsquo;Ixelles. Le magasin met l&rsquo;accent sur le bio et un tr\u00e8s grand rayon boulangerie.<\/p>\n","protected":false},"author":1,"featured_media":5814,"comment_status":"closed","ping_status":"open","sticky":false,"template":"","format":"standard","meta":{"ngg_post_thumbnail":0,"footnotes":""},"categories":[37],"tags":[],"acf":[],"yoast_head":"<!-- This site is optimized with the Yoast SEO plugin v23.5 - https:\/\/yoast.com\/wordpress\/plugins\/seo\/ -->\n<title>Nouveau Carrefour Express \u00e0 Ixelles - F\u00e9d\u00e9ration Belge de la Franchise<\/title>\n<meta name=\"robots\" content=\"index, follow, max-snippet:-1, max-image-preview:large, max-video-preview:-1\" \/>\n<link rel=\"canonical\" href=\"https:\/\/www.fbf-bff.be\/fr\/nouveau-carrefour-express-a-ixelles\/\" \/>\n<meta property=\"og:locale\" content=\"fr_FR\" \/>\n<meta property=\"og:type\" content=\"article\" \/>\n<meta property=\"og:title\" content=\"Nouveau Carrefour Express \u00e0 Ixelles - F\u00e9d\u00e9ration Belge de la Franchise\" \/>\n<meta property=\"og:description\" content=\"Un nouveau Carrefour Express ouvrait ses portes le 14 janvier son premier magasin franchis\u00e9s de l\u2019ann\u00e9e \u00e0 Ixelles, 211 Chauss\u00e9e d&#039;Ixelles. Le magasin met l&#039;accent sur le bio et un tr\u00e8s grand rayon boulangerie.\" \/>\n<meta property=\"og:url\" content=\"https:\/\/www.fbf-bff.be\/fr\/nouveau-carrefour-express-a-ixelles\/\" \/>\n<meta property=\"og:site_name\" content=\"F\u00e9d\u00e9ration Belge de la Franchise\" \/>\n<meta property=\"article:published_time\" content=\"2021-01-21T14:24:35+00:00\" \/>\n<meta property=\"og:image\" content=\"https:\/\/www.fbf-bff.be\/wp-content\/uploads\/2021\/10\/Carrefour_express_groen_hori.jpg\" \/>\n\t<meta property=\"og:image:width\" content=\"2048\" \/>\n\t<meta property=\"og:image:height\" content=\"573\" \/>\n\t<meta property=\"og:image:type\" content=\"image\/jpeg\" \/>\n<meta name=\"author\" content=\"fbf_admin\" \/>\n<meta name=\"twitter:card\" content=\"summary_large_image\" \/>\n<meta name=\"twitter:label1\" content=\"\u00c9crit par\" \/>\n\t<meta name=\"twitter:data1\" content=\"fbf_admin\" \/>\n\t<meta name=\"twitter:label2\" content=\"Dur\u00e9e de lecture estim\u00e9e\" \/>\n\t<meta name=\"twitter:data2\" content=\"2 minutes\" \/>\n<script type=\"application\/ld+json\" class=\"yoast-schema-graph\">{\"@context\":\"https:\/\/schema.org\",\"@graph\":[{\"@type\":\"WebPage\",\"@id\":\"https:\/\/www.fbf-bff.be\/fr\/nouveau-carrefour-express-a-ixelles\/\",\"url\":\"https:\/\/www.fbf-bff.be\/fr\/nouveau-carrefour-express-a-ixelles\/\",\"name\":\"Nouveau Carrefour Express \u00e0 Ixelles - F\u00e9d\u00e9ration Belge de la Franchise\",\"isPartOf\":{\"@id\":\"https:\/\/www.fbf-bff.be\/#website\"},\"primaryImageOfPage\":{\"@id\":\"https:\/\/www.fbf-bff.be\/fr\/nouveau-carrefour-express-a-ixelles\/#primaryimage\"},\"image\":{\"@id\":\"https:\/\/www.fbf-bff.be\/fr\/nouveau-carrefour-express-a-ixelles\/#primaryimage\"},\"thumbnailUrl\":\"https:\/\/www.fbf-bff.be\/wp-content\/uploads\/2021\/10\/Carrefour_express_groen_hori.jpg\",\"datePublished\":\"2021-01-21T14:24:35+00:00\",\"dateModified\":\"2021-01-21T14:24:35+00:00\",\"author\":{\"@id\":\"https:\/\/www.fbf-bff.be\/#\/schema\/person\/73a9cbee87288cba2b06e3fc29244fe7\"},\"breadcrumb\":{\"@id\":\"https:\/\/www.fbf-bff.be\/fr\/nouveau-carrefour-express-a-ixelles\/#breadcrumb\"},\"inLanguage\":\"fr-FR\",\"potentialAction\":[{\"@type\":\"ReadAction\",\"target\":[\"https:\/\/www.fbf-bff.be\/fr\/nouveau-carrefour-express-a-ixelles\/\"]}]},{\"@type\":\"ImageObject\",\"inLanguage\":\"fr-FR\",\"@id\":\"https:\/\/www.fbf-bff.be\/fr\/nouveau-carrefour-express-a-ixelles\/#primaryimage\",\"url\":\"https:\/\/www.fbf-bff.be\/wp-content\/uploads\/2021\/10\/Carrefour_express_groen_hori.jpg\",\"contentUrl\":\"https:\/\/www.fbf-bff.be\/wp-content\/uploads\/2021\/10\/Carrefour_express_groen_hori.jpg\",\"width\":2048,\"height\":573},{\"@type\":\"BreadcrumbList\",\"@id\":\"https:\/\/www.fbf-bff.be\/fr\/nouveau-carrefour-express-a-ixelles\/#breadcrumb\",\"itemListElement\":[{\"@type\":\"ListItem\",\"position\":1,\"name\":\"Home\",\"item\":\"https:\/\/www.fbf-bff.be\/fr\/\"},{\"@type\":\"ListItem\",\"position\":2,\"name\":\"Nouveau Carrefour Express \u00e0 Ixelles\"}]},{\"@type\":\"WebSite\",\"@id\":\"https:\/\/www.fbf-bff.be\/#website\",\"url\":\"https:\/\/www.fbf-bff.be\/\",\"name\":\"F\u00e9d\u00e9ration Belge de la Franchise\",\"description\":\"Pour r\u00e9ussir ensemblee\",\"potentialAction\":[{\"@type\":\"SearchAction\",\"target\":{\"@type\":\"EntryPoint\",\"urlTemplate\":\"https:\/\/www.fbf-bff.be\/?s={search_term_string}\"},\"query-input\":{\"@type\":\"PropertyValueSpecification\",\"valueRequired\":true,\"valueName\":\"search_term_string\"}}],\"inLanguage\":\"fr-FR\"},{\"@type\":\"Person\",\"@id\":\"https:\/\/www.fbf-bff.be\/#\/schema\/person\/73a9cbee87288cba2b06e3fc29244fe7\",\"name\":\"fbf_admin\",\"image\":{\"@type\":\"ImageObject\",\"inLanguage\":\"fr-FR\",\"@id\":\"https:\/\/www.fbf-bff.be\/#\/schema\/person\/image\/\",\"url\":\"https:\/\/secure.gravatar.com\/avatar\/20f6483dbe2a69e0999ddcdd1744b7f7?s=96&d=mm&r=g\",\"contentUrl\":\"https:\/\/secure.gravatar.com\/avatar\/20f6483dbe2a69e0999ddcdd1744b7f7?s=96&d=mm&r=g\",\"caption\":\"fbf_admin\"}}]}<\/script>\n<!-- \/ Yoast SEO plugin. -->","yoast_head_json":{"title":"Nouveau Carrefour Express \u00e0 Ixelles - F\u00e9d\u00e9ration Belge de la Franchise","robots":{"index":"index","follow":"follow","max-snippet":"max-snippet:-1","max-image-preview":"max-image-preview:large","max-video-preview":"max-video-preview:-1"},"canonical":"https:\/\/www.fbf-bff.be\/fr\/nouveau-carrefour-express-a-ixelles\/","og_locale":"fr_FR","og_type":"article","og_title":"Nouveau Carrefour Express \u00e0 Ixelles - F\u00e9d\u00e9ration Belge de la Franchise","og_description":"Un nouveau Carrefour Express ouvrait ses portes le 14 janvier son premier magasin franchis\u00e9s de l\u2019ann\u00e9e \u00e0 Ixelles, 211 Chauss\u00e9e d'Ixelles. Le magasin met l'accent sur le bio et un tr\u00e8s grand rayon boulangerie.","og_url":"https:\/\/www.fbf-bff.be\/fr\/nouveau-carrefour-express-a-ixelles\/","og_site_name":"F\u00e9d\u00e9ration Belge de la Franchise","article_published_time":"2021-01-21T14:24:35+00:00","og_image":[{"width":2048,"height":573,"url":"https:\/\/www.fbf-bff.be\/wp-content\/uploads\/2021\/10\/Carrefour_express_groen_hori.jpg","type":"image\/jpeg"}],"author":"fbf_admin","twitter_card":"summary_large_image","twitter_misc":{"\u00c9crit par":"fbf_admin","Dur\u00e9e de lecture estim\u00e9e":"2 minutes"},"schema":{"@context":"https:\/\/schema.org","@graph":[{"@type":"WebPage","@id":"https:\/\/www.fbf-bff.be\/fr\/nouveau-carrefour-express-a-ixelles\/","url":"https:\/\/www.fbf-bff.be\/fr\/nouveau-carrefour-express-a-ixelles\/","name":"Nouveau Carrefour Express \u00e0 Ixelles - F\u00e9d\u00e9ration Belge de la Franchise","isPartOf":{"@id":"https:\/\/www.fbf-bff.be\/#website"},"primaryImageOfPage":{"@id":"https:\/\/www.fbf-bff.be\/fr\/nouveau-carrefour-express-a-ixelles\/#primaryimage"},"image":{"@id":"https:\/\/www.fbf-bff.be\/fr\/nouveau-carrefour-express-a-ixelles\/#primaryimage"},"thumbnailUrl":"https:\/\/www.fbf-bff.be\/wp-content\/uploads\/2021\/10\/Carrefour_express_groen_hori.jpg","datePublished":"2021-01-21T14:24:35+00:00","dateModified":"2021-01-21T14:24:35+00:00","author":{"@id":"https:\/\/www.fbf-bff.be\/#\/schema\/person\/73a9cbee87288cba2b06e3fc29244fe7"},"breadcrumb":{"@id":"https:\/\/www.fbf-bff.be\/fr\/nouveau-carrefour-express-a-ixelles\/#breadcrumb"},"inLanguage":"fr-FR","potentialAction":[{"@type":"ReadAction","target":["https:\/\/www.fbf-bff.be\/fr\/nouveau-carrefour-express-a-ixelles\/"]}]},{"@type":"ImageObject","inLanguage":"fr-FR","@id":"https:\/\/www.fbf-bff.be\/fr\/nouveau-carrefour-express-a-ixelles\/#primaryimage","url":"https:\/\/www.fbf-bff.be\/wp-content\/uploads\/2021\/10\/Carrefour_express_groen_hori.jpg","contentUrl":"https:\/\/www.fbf-bff.be\/wp-content\/uploads\/2021\/10\/Carrefour_express_groen_hori.jpg","width":2048,"height":573},{"@type":"BreadcrumbList","@id":"https:\/\/www.fbf-bff.be\/fr\/nouveau-carrefour-express-a-ixelles\/#breadcrumb","itemListElement":[{"@type":"ListItem","position":1,"name":"Home","item":"https:\/\/www.fbf-bff.be\/fr\/"},{"@type":"ListItem","position":2,"name":"Nouveau Carrefour Express \u00e0 Ixelles"}]},{"@type":"WebSite","@id":"https:\/\/www.fbf-bff.be\/#website","url":"https:\/\/www.fbf-bff.be\/","name":"F\u00e9d\u00e9ration Belge de la Franchise","description":"Pour r\u00e9ussir ensemblee","potentialAction":[{"@type":"SearchAction","target":{"@type":"EntryPoint","urlTemplate":"https:\/\/www.fbf-bff.be\/?s={search_term_string}"},"query-input":{"@type":"PropertyValueSpecification","valueRequired":true,"valueName":"search_term_string"}}],"inLanguage":"fr-FR"},{"@type":"Person","@id":"https:\/\/www.fbf-bff.be\/#\/schema\/person\/73a9cbee87288cba2b06e3fc29244fe7","name":"fbf_admin","image":{"@type":"ImageObject","inLanguage":"fr-FR","@id":"https:\/\/www.fbf-bff.be\/#\/schema\/person\/image\/","url":"https:\/\/secure.gravatar.com\/avatar\/20f6483dbe2a69e0999ddcdd1744b7f7?s=96&d=mm&r=g","contentUrl":"https:\/\/secure.gravatar.com\/avatar\/20f6483dbe2a69e0999ddcdd1744b7f7?s=96&d=mm&r=g","caption":"fbf_admin"}}]}},"_links":{"self":[{"href":"https:\/\/www.fbf-bff.be\/fr\/wp-json\/wp\/v2\/posts\/10014"}],"collection":[{"href":"https:\/\/www.fbf-bff.be\/fr\/wp-json\/wp\/v2\/posts"}],"about":[{"href":"https:\/\/www.fbf-bff.be\/fr\/wp-json\/wp\/v2\/types\/post"}],"author":[{"embeddable":true,"href":"https:\/\/www.fbf-bff.be\/fr\/wp-json\/wp\/v2\/users\/1"}],"replies":[{"embeddable":true,"href":"https:\/\/www.fbf-bff.be\/fr\/wp-json\/wp\/v2\/comments?post=10014"}],"version-history":[{"count":0,"href":"https:\/\/www.fbf-bff.be\/fr\/wp-json\/wp\/v2\/posts\/10014\/revisions"}],"wp:featuredmedia":[{"embeddable":true,"href":"https:\/\/www.fbf-bff.be\/fr\/wp-json\/wp\/v2\/media\/5814"}],"wp:attachment":[{"href":"https:\/\/www.fbf-bff.be\/fr\/wp-json\/wp\/v2\/media?parent=10014"}],"wp:term":[{"taxonomy":"category","embeddable":true,"href":"https:\/\/www.fbf-bff.be\/fr\/wp-json\/wp\/v2\/categories?post=10014"},{"taxonomy":"post_tag","embeddable":true,"href":"https:\/\/www.fbf-bff.be\/fr\/wp-json\/wp\/v2\/tags?post=10014"}],"curies":[{"name":"wp","href":"https:\/\/api.w.org\/{rel}","templated":true}]}}